{"id":215825,"date":"2023-07-07T23:24:58","date_gmt":"2023-07-08T02:24:58","guid":{"rendered":"https:\/\/diarioregionaldigital.com.br\/?p=215825"},"modified":"2023-07-07T23:24:58","modified_gmt":"2023-07-08T02:24:58","slug":"brasileiros-farao-aclimatacao-para-paralimpiada-de-paris-em-troyes","status":"publish","type":"post","link":"https:\/\/diarioregionaldigital.com.br\/?p=215825","title":{"rendered":"Brasileiros far\u00e3o aclimata\u00e7\u00e3o para Paral\u00edmpiada de Paris em Troyes"},"content":{"rendered":"<p>O Comit\u00ea Paral\u00edmpico Brasileiro (CPB) firmou, nesta sexta-feira (7), um acordo para usar as instala\u00e7\u00f5es do Centre Sporttif de L\u2019Aube Troyes, na cidade de Troyes, como local de aclimata\u00e7\u00e3o para a equipe brasileira antes do in\u00edcio dos Jogos Paral\u00edmpicos de 2024, que ser\u00e3o disputados em Paris (Fran\u00e7a).<img decoding=\"async\" src=\"https:\/\/agenciabrasil.ebc.com.br\/ebc.png?id=1542750&amp;o=node\" \/><img decoding=\"async\" src=\"https:\/\/agenciabrasil.ebc.com.br\/ebc.gif?id=1542750&amp;o=node\" \/><\/p>\n<p>Segundo a assessoria de imprensa do CPB, representantes da entidade visitam a cidade para verificar instala\u00e7\u00f5es e condi\u00e7\u00f5es de treinamento, alimenta\u00e7\u00e3o e acomoda\u00e7\u00f5es.<\/p>\n<p>O complexo conta com pista de atletismo indoor e ao ar livre, salas de muscula\u00e7\u00e3o, piscina, campo de futebol com grama sint\u00e9tica, gin\u00e1sios com quadra poliesportiva, quadra de t\u00eanis coberta e ao ar livre, salas de lutas, campos de tiros, audit\u00f3rios, cozinha, restaurantes, lavanderia e at\u00e9 uma base n\u00e1utica a 15 minutos de dist\u00e2ncia para as modalidades que utilizam embarca\u00e7\u00f5es. Todo o espa\u00e7o oferece acessibilidade em quartos, vesti\u00e1rios, equipamentos esportivos e \u00e1reas de estacionamento.<\/p>\n<p>\u201cEstamos muito felizes aqui. Pela maneira como fomos recebidos por toda a equipe local. Podem ter certeza, no nosso cora\u00e7\u00e3o, Troyes \u00e9 um pedacinho do Brasil\u201d, declarou o presidente do CPB, Mizael Conrado.<\/p>\n<p><span style=\"font-weight: 400;\">Fonte: Ag\u00eancia Brasil <\/span><\/p>\n","protected":false},"excerpt":{"rendered":"<p>O Comit\u00ea Paral\u00edmpico Brasileiro (CPB) firmou, nesta sexta-feira (7), um acordo para usar as instala\u00e7\u00f5es do Centre Sporttif de L\u2019Aube Troyes, na cidade de Troyes, como local de aclimata\u00e7\u00e3o para a equipe brasileira antes do in\u00edcio dos Jogos Paral\u00edmpicos de 2024, que ser\u00e3o disputados em Paris (Fran\u00e7a). Segundo a assessoria de imprensa do CPB, representantes [&hellip;]<\/p>\n","protected":false},"author":246,"featured_media":215826,"comment_status":"closed","ping_status":"closed","sticky":false,"template":"","format":"standard","meta":{"footnotes":""},"categories":[436,257,439],"tags":[],"class_list":["post-215825","post","type-post","status-publish","format-standard","has-post-thumbnail","hentry","category-destaque-da-semana","category-esporte","category-ultima-hora"],"_links":{"self":[{"href":"https:\/\/diarioregionaldigital.com.br\/index.php?rest_route=\/wp\/v2\/posts\/215825","targetHints":{"allow":["GET"]}}],"collection":[{"href":"https:\/\/diarioregionaldigital.com.br\/index.php?rest_route=\/wp\/v2\/posts"}],"about":[{"href":"https:\/\/diarioregionaldigital.com.br\/index.php?rest_route=\/wp\/v2\/types\/post"}],"author":[{"embeddable":true,"href":"https:\/\/diarioregionaldigital.com.br\/index.php?rest_route=\/wp\/v2\/users\/246"}],"replies":[{"embeddable":true,"href":"https:\/\/diarioregionaldigital.com.br\/index.php?rest_route=%2Fwp%2Fv2%2Fcomments&post=215825"}],"version-history":[{"count":1,"href":"https:\/\/diarioregionaldigital.com.br\/index.php?rest_route=\/wp\/v2\/posts\/215825\/revisions"}],"predecessor-version":[{"id":215827,"href":"https:\/\/diarioregionaldigital.com.br\/index.php?rest_route=\/wp\/v2\/posts\/215825\/revisions\/215827"}],"wp:featuredmedia":[{"embeddable":true,"href":"https:\/\/diarioregionaldigital.com.br\/index.php?rest_route=\/wp\/v2\/media\/215826"}],"wp:attachment":[{"href":"https:\/\/diarioregionaldigital.com.br\/index.php?rest_route=%2Fwp%2Fv2%2Fmedia&parent=215825"}],"wp:term":[{"taxonomy":"category","embeddable":true,"href":"https:\/\/diarioregionaldigital.com.br\/index.php?rest_route=%2Fwp%2Fv2%2Fcategories&post=215825"},{"taxonomy":"post_tag","embeddable":true,"href":"https:\/\/diarioregionaldigital.com.br\/index.php?rest_route=%2Fwp%2Fv2%2Ftags&post=215825"}],"curies":[{"name":"wp","href":"https:\/\/api.w.org\/{rel}","templated":true}]}}