{"id":215822,"date":"2023-07-07T23:23:49","date_gmt":"2023-07-08T02:23:49","guid":{"rendered":"https:\/\/diarioregionaldigital.com.br\/?p=215822"},"modified":"2023-07-07T23:23:49","modified_gmt":"2023-07-08T02:23:49","slug":"liga-das-nacoes-brasil-e-superado-pela-polonia-por-3-sets-a-1","status":"publish","type":"post","link":"https:\/\/diarioregionaldigital.com.br\/?p=215822","title":{"rendered":"Liga das Na\u00e7\u00f5es: Brasil \u00e9 superado pela Pol\u00f4nia por 3 sets a 1"},"content":{"rendered":"<p>O Brasil foi derrotado pela Pol\u00f4nia, por 3 sets a 1 (parciais de 23\/25, 25\/22, 21\/25 e 21\/25), nesta sexta-feira (7), em seu pen\u00faltimo compromisso da terceira etapa da Liga das Na\u00e7\u00f5es de v\u00f4lei masculino, que est\u00e1 sendo disputada em Pasay City (Filipinas). Por\u00e9m, mesmo com o rev\u00e9s, a equipe brasileira j\u00e1 tem vaga garantida na fase final da competi\u00e7\u00e3o.<img decoding=\"async\" src=\"https:\/\/agenciabrasil.ebc.com.br\/ebc.png?id=1542667&amp;o=node\" \/><img decoding=\"async\" src=\"https:\/\/agenciabrasil.ebc.com.br\/ebc.gif?id=1542667&amp;o=node\" \/><\/p>\n<p>Diante dos poloneses, o maior pontuador da equipe comandada pelo t\u00e9cnico Renan Dal Zotto foi o oposto Alan, com 17 pontos. Do lado advers\u00e1rio, o destaque foi o ponteiro Le\u00f3n, com 22 pontos.<\/p>\n<p>\u201cBrasil e Pol\u00f4nia \u00e9 sempre um jogo tenso, decidido l\u00e1 em cima, ponto a ponto. Nos momentos importantes, o saque deles fez a diferen\u00e7a e sofremos um pouco nos contra-ataques, ficamos percentualmente um pouco abaixo do que estamos habituados. \u00c9 uma competi\u00e7\u00e3o t\u00e3o intensa que \u00e9 dif\u00edcil ficar pensando no jogo que passou, com menos de 24 horas para preparar o pr\u00f3ximo jogo. Agora vamos focar no jogo contra a China, pois \u00e9 importante encerrar essa fase com vit\u00f3ria\u201d, declarou Dal Zotto<\/p>\n<p>O \u00faltimo compromisso do Brasil na fase de classifica\u00e7\u00e3o da Liga das Na\u00e7\u00f5es \u00e9 contra a China, em partida disputada na madrugada de sexta-feira para s\u00e1bado, a partir das 0h (hor\u00e1rio de Bras\u00edlia).<\/p>\n<p><span style=\"font-weight: 400;\">Fonte: Ag\u00eancia Brasil <\/span><\/p>\n","protected":false},"excerpt":{"rendered":"<p>O Brasil foi derrotado pela Pol\u00f4nia, por 3 sets a 1 (parciais de 23\/25, 25\/22, 21\/25 e 21\/25), nesta sexta-feira (7), em seu pen\u00faltimo compromisso da terceira etapa da Liga das Na\u00e7\u00f5es de v\u00f4lei masculino, que est\u00e1 sendo disputada em Pasay City (Filipinas). Por\u00e9m, mesmo com o rev\u00e9s, a equipe brasileira j\u00e1 tem vaga garantida [&hellip;]<\/p>\n","protected":false},"author":246,"featured_media":215823,"comment_status":"closed","ping_status":"closed","sticky":false,"template":"","format":"standard","meta":{"footnotes":""},"categories":[436,254,439],"tags":[],"class_list":["post-215822","post","type-post","status-publish","format-standard","has-post-thumbnail","hentry","category-destaque-da-semana","category-politica","category-ultima-hora"],"_links":{"self":[{"href":"https:\/\/diarioregionaldigital.com.br\/index.php?rest_route=\/wp\/v2\/posts\/215822","targetHints":{"allow":["GET"]}}],"collection":[{"href":"https:\/\/diarioregionaldigital.com.br\/index.php?rest_route=\/wp\/v2\/posts"}],"about":[{"href":"https:\/\/diarioregionaldigital.com.br\/index.php?rest_route=\/wp\/v2\/types\/post"}],"author":[{"embeddable":true,"href":"https:\/\/diarioregionaldigital.com.br\/index.php?rest_route=\/wp\/v2\/users\/246"}],"replies":[{"embeddable":true,"href":"https:\/\/diarioregionaldigital.com.br\/index.php?rest_route=%2Fwp%2Fv2%2Fcomments&post=215822"}],"version-history":[{"count":1,"href":"https:\/\/diarioregionaldigital.com.br\/index.php?rest_route=\/wp\/v2\/posts\/215822\/revisions"}],"predecessor-version":[{"id":215824,"href":"https:\/\/diarioregionaldigital.com.br\/index.php?rest_route=\/wp\/v2\/posts\/215822\/revisions\/215824"}],"wp:featuredmedia":[{"embeddable":true,"href":"https:\/\/diarioregionaldigital.com.br\/index.php?rest_route=\/wp\/v2\/media\/215823"}],"wp:attachment":[{"href":"https:\/\/diarioregionaldigital.com.br\/index.php?rest_route=%2Fwp%2Fv2%2Fmedia&parent=215822"}],"wp:term":[{"taxonomy":"category","embeddable":true,"href":"https:\/\/diarioregionaldigital.com.br\/index.php?rest_route=%2Fwp%2Fv2%2Fcategories&post=215822"},{"taxonomy":"post_tag","embeddable":true,"href":"https:\/\/diarioregionaldigital.com.br\/index.php?rest_route=%2Fwp%2Fv2%2Ftags&post=215822"}],"curies":[{"name":"wp","href":"https:\/\/api.w.org\/{rel}","templated":true}]}}