{"id":215815,"date":"2023-07-07T23:17:04","date_gmt":"2023-07-08T02:17:04","guid":{"rendered":"https:\/\/diarioregionaldigital.com.br\/?p=215815"},"modified":"2023-07-07T23:17:04","modified_gmt":"2023-07-08T02:17:04","slug":"stf-mantem-validade-de-jornada-12x36-por-meio-de-acordo-individual","status":"publish","type":"post","link":"https:\/\/diarioregionaldigital.com.br\/?p=215815","title":{"rendered":"STF mant\u00e9m validade de jornada 12&#215;36 por meio de acordo individual"},"content":{"rendered":"<p>O Supremo Tribunal Federal (STF) decidiu manter a validade da norma que permite a jornada de trabalho de 12 horas por 36 horas de descanso fixada por meio de acordos individuais.\u00a0<img decoding=\"async\" src=\"https:\/\/agenciabrasil.ebc.com.br\/ebc.png?id=1542450&amp;o=node\" \/><img decoding=\"async\" src=\"https:\/\/agenciabrasil.ebc.com.br\/ebc.gif?id=1542450&amp;o=node\" \/><\/p>\n<p>A regra est\u00e1 prevista na Reforma Trabalhista (Lei 13.467\/2017) e foi questionada no Supremo pela Confedera\u00e7\u00e3o Nacional dos Trabalhadores na Sa\u00fade (CNTS). A entidade alegou que a aceita\u00e7\u00e3o da jornada por acordo individual \u00e9 inconstitucional, podendo ser autorizada somente por acordo ou conven\u00e7\u00e3o coletiva.<\/p>\n<p>Ao julgar a quest\u00e3o, a maioria dos ministros do STF acompanhou o voto do relator, ministro Gilmar Mendes. Conforme o entendimento, as mudan\u00e7as na CLT positivaram a evolu\u00e7\u00e3o da jurisprud\u00eancia do Tribunal Superior do Trabalho (TST) e do pr\u00f3prio Supremo.<\/p>\n<p>\u201cN\u00e3o vejo qualquer inconstitucionalidade em lei que passa a possibilitar que o empregado e o empregador, por contrato individual, estipulem jornada de trabalho j\u00e1 amplamente utilizada entre n\u00f3s, reconhecida na jurisprud\u00eancia e adotada por leis espec\u00edficas para determinadas carreiras\u201d, disse o ministro.<\/p>\n<p>O voto do relator foi acompanhado pelos ministros Dias Toffoli, Luiz Fux, Alexandre de Moraes, Luiz Fux, Nunes Marques, Lu\u00eds Roberto Barroso e C\u00e1rmen L\u00facia.<\/p>\n<p>Rosa Weber e Edson Fachin votaram para garantir que a jornada seja autorizada somente por meio de acordo coletivo.<\/p>\n<p>O julgamento ocorreu no plen\u00e1rio virtual, modalidade na qual os ministros inserem os votos no sistema e n\u00e3o h\u00e1 delibera\u00e7\u00e3o presencial. O julgamento foi finalizado na sexta-feira (30), e o resultado, divulgado hoje (6).<\/p>\n<p><span style=\"font-weight: 400;\"><br \/>\n<\/span><span style=\"font-weight: 400;\">Fonte: Ag\u00eancia Brasil <\/span><\/p>\n","protected":false},"excerpt":{"rendered":"<p>O Supremo Tribunal Federal (STF) decidiu manter a validade da norma que permite a jornada de trabalho de 12 horas por 36 horas de descanso fixada por meio de acordos individuais.\u00a0 A regra est\u00e1 prevista na Reforma Trabalhista (Lei 13.467\/2017) e foi questionada no Supremo pela Confedera\u00e7\u00e3o Nacional dos Trabalhadores na Sa\u00fade (CNTS). A entidade [&hellip;]<\/p>\n","protected":false},"author":246,"featured_media":215817,"comment_status":"closed","ping_status":"closed","sticky":false,"template":"","format":"standard","meta":{"footnotes":""},"categories":[436,254,439],"tags":[],"class_list":["post-215815","post","type-post","status-publish","format-standard","has-post-thumbnail","hentry","category-destaque-da-semana","category-politica","category-ultima-hora"],"_links":{"self":[{"href":"https:\/\/diarioregionaldigital.com.br\/index.php?rest_route=\/wp\/v2\/posts\/215815","targetHints":{"allow":["GET"]}}],"collection":[{"href":"https:\/\/diarioregionaldigital.com.br\/index.php?rest_route=\/wp\/v2\/posts"}],"about":[{"href":"https:\/\/diarioregionaldigital.com.br\/index.php?rest_route=\/wp\/v2\/types\/post"}],"author":[{"embeddable":true,"href":"https:\/\/diarioregionaldigital.com.br\/index.php?rest_route=\/wp\/v2\/users\/246"}],"replies":[{"embeddable":true,"href":"https:\/\/diarioregionaldigital.com.br\/index.php?rest_route=%2Fwp%2Fv2%2Fcomments&post=215815"}],"version-history":[{"count":1,"href":"https:\/\/diarioregionaldigital.com.br\/index.php?rest_route=\/wp\/v2\/posts\/215815\/revisions"}],"predecessor-version":[{"id":215818,"href":"https:\/\/diarioregionaldigital.com.br\/index.php?rest_route=\/wp\/v2\/posts\/215815\/revisions\/215818"}],"wp:featuredmedia":[{"embeddable":true,"href":"https:\/\/diarioregionaldigital.com.br\/index.php?rest_route=\/wp\/v2\/media\/215817"}],"wp:attachment":[{"href":"https:\/\/diarioregionaldigital.com.br\/index.php?rest_route=%2Fwp%2Fv2%2Fmedia&parent=215815"}],"wp:term":[{"taxonomy":"category","embeddable":true,"href":"https:\/\/diarioregionaldigital.com.br\/index.php?rest_route=%2Fwp%2Fv2%2Fcategories&post=215815"},{"taxonomy":"post_tag","embeddable":true,"href":"https:\/\/diarioregionaldigital.com.br\/index.php?rest_route=%2Fwp%2Fv2%2Ftags&post=215815"}],"curies":[{"name":"wp","href":"https:\/\/api.w.org\/{rel}","templated":true}]}}