{"id":215798,"date":"2023-07-07T22:53:50","date_gmt":"2023-07-08T01:53:50","guid":{"rendered":"https:\/\/diarioregionaldigital.com.br\/?p=215798"},"modified":"2023-07-07T22:53:50","modified_gmt":"2023-07-08T01:53:50","slug":"producao-de-veiculos-aumenta-37-no-primeiro-semestre","status":"publish","type":"post","link":"https:\/\/diarioregionaldigital.com.br\/?p=215798","title":{"rendered":"Produ\u00e7\u00e3o de ve\u00edculos aumenta 3,7% no primeiro semestre"},"content":{"rendered":"<p>A produ\u00e7\u00e3o de ve\u00edculos cresceu 3,7% nos primeiros seis meses de 2023, ao alcan\u00e7ar as 1,13 milh\u00e3o\u00a0de unidades ante o total de 1,09 milh\u00e3o produzido\u00a0no mesmo per\u00edodo do ano anterior. De acordo com os n\u00fameros divulgados nesta sexta-feira (7) pela Associa\u00e7\u00e3o Nacional de Fabricantes de Ve\u00edculos Automotores (Anfavea), em junho, a produ\u00e7\u00e3o foi de 189,2 mil ve\u00edculos,\u00a0uma queda de 17% na compara\u00e7\u00e3o com maio e de 7,1% na compara\u00e7\u00e3o com igual per\u00edodo do ano passado.<img decoding=\"async\" src=\"https:\/\/agenciabrasil.ebc.com.br\/ebc.png?id=1542723&amp;o=node\" \/><img decoding=\"async\" src=\"https:\/\/agenciabrasil.ebc.com.br\/ebc.gif?id=1542723&amp;o=node\" \/><\/p>\n<p>\u201cDevido ao estoque elevado dos fabricantes e nas montadoras no encerramento de maio, houve uma queda de produ\u00e7\u00e3o no m\u00eas de junho. Ent\u00e3o dentro da estrat\u00e9gia e das condi\u00e7\u00f5es dos fabricantes, houve uma redu\u00e7\u00e3o na produ\u00e7\u00e3o para equilibrar os estoques\u201d, disse o presidente da Anfavea, M\u00e1rcio de Lima Leite.<\/p>\n<p>Segundo ele, isso ocorreu tamb\u00e9m em fun\u00e7\u00e3o da queda das exporta\u00e7\u00f5es, reflexo da situa\u00e7\u00e3o econ\u00f4mica do Chile e da Col\u00f4mbia. Os dados da Anfavea mostram que as exporta\u00e7\u00f5es tiveram queda de 7,7 % de janeiro a junho de 2023, com 227,2 mil unidades comercializadas no mercado externo. No mesmo per\u00edodo do ano passado, esse n\u00famero foi de 246,3 mil. Em junho, as exporta\u00e7\u00f5es\u00a0chegaram a 36,6 mil unidades. Comparado a junho do ano anterior, houve queda de\u00a022,6 %\u00a0e, em rela\u00e7\u00e3o a maio deste ano, redu\u00e7\u00e3o de\u00a017,4%, segundo o balan\u00e7o mensal da Anfavea.<\/p>\n<p>\u201cInfelizmente o mercado do Chile e da Col\u00f4mbia, que s\u00e3o muito importantes para o setor automotivo, sofreram com a quest\u00e3o da economia local e por isso n\u00f3s tivemos uma redu\u00e7\u00e3o no volume das nossas exporta\u00e7\u00f5es. Mas tamb\u00e9m \u00e9 um momento dif\u00edcil para essa compara\u00e7\u00e3o porque o ano de 2022 foi um ano espetacular em termos de exporta\u00e7\u00e3o\u201d, analisou Leite.<\/p>\n<p>O balan\u00e7o mensal registrou ainda que as vendas de ve\u00edculos novos tiveram eleva\u00e7\u00e3o de 8,8 % no primeiro semestre, com 998,6 mil unidades emplacadas contra as 918,0 mil do mesmo per\u00edodo do ano anterior. Em junho, as unidades vendidas chegaram a 189,5 mil, o que representa um aumento de 7,4 % na compara\u00e7\u00e3o com maio e de 6,4% em rela\u00e7\u00e3o a junho de 2022.<\/p>\n<p>Em parte, Leite atribui o aumento das vendas \u00e0 Medida Provis\u00f3ria 1.175\/23 (editada para conceder descontos para compra de carros\u00a0novos), com a concentra\u00e7\u00e3o principalmente nas pessoas f\u00edsicas, o que revela um ponto muito importante, j\u00e1 que o programa tinha por objetivo a redu\u00e7\u00e3o do pre\u00e7o e a possibilidade de o consumidor ter acesso a um ve\u00edculo novo. \u201cEstimamos que, dos R$ 800 milh\u00f5es liberados pelo governo para ve\u00edculos leves, R$ 710 milh\u00f5es j\u00e1 haviam sido aplicados at\u00e9 a virada do m\u00eas, resultando em descontos para cerca de 150 mil unidades. Por\u00e9m, s\u00f3 54 mil deles tiveram emplacamento efetivado em junho\u201d, disse.<\/p>\n<p>Em uma breve interven\u00e7\u00e3o na apresenta\u00e7\u00e3o da Anfavea sobre o balan\u00e7o, o vice-presidente da Rep\u00fablica, Geraldo Alckmin, que tamb\u00e9m \u00e9 ministro do Desenvolvimento, Ind\u00fastria, Com\u00e9rcio e Servi\u00e7os ,afirmou que o programa de incentivo tribut\u00e1rio para os ve\u00edculos leves foi um sucesso e contou com a sensibilidade social do presidente Luiz In\u00e1cio Lula da Silva, em rela\u00e7\u00e3o ao emprego e \u00e0\u00a0import\u00e2ncia da ind\u00fastria no momento.<\/p>\n<p>\u201cTemos uma ociosidade de quase 50% e isso poderia levar a uma perda de emprego. Portanto esse est\u00edmulo foi transit\u00f3rio, mas necess\u00e1rio nesse momento. N\u00f3s tivemos um grande sucesso, j\u00e1 que os primeiros R$ 500 milh\u00f5es de cr\u00e9dito tribut\u00e1rio foram s\u00f3 para pessoa f\u00edsica. Depois esse valor foi estendido para R$ 800 milh\u00f5es e a\u00ed para a pessoa f\u00edsica e jur\u00eddica. S\u00f3 para pessoa f\u00edsica, nas tr\u00eas primeiras semanas, foram 95 mil ve\u00edculos\u201d, destacou\u00a0Alckmin.<\/p>\n<p><span style=\"font-weight: 400;\">Fonte: Ag\u00eancia Brasil <\/span><\/p>\n","protected":false},"excerpt":{"rendered":"<p>A produ\u00e7\u00e3o de ve\u00edculos cresceu 3,7% nos primeiros seis meses de 2023, ao alcan\u00e7ar as 1,13 milh\u00e3o\u00a0de unidades ante o total de 1,09 milh\u00e3o produzido\u00a0no mesmo per\u00edodo do ano anterior. De acordo com os n\u00fameros divulgados nesta sexta-feira (7) pela Associa\u00e7\u00e3o Nacional de Fabricantes de Ve\u00edculos Automotores (Anfavea), em junho, a produ\u00e7\u00e3o foi de 189,2 [&hellip;]<\/p>\n","protected":false},"author":246,"featured_media":215799,"comment_status":"closed","ping_status":"closed","sticky":false,"template":"","format":"standard","meta":{"footnotes":""},"categories":[436,261,439],"tags":[],"class_list":["post-215798","post","type-post","status-publish","format-standard","has-post-thumbnail","hentry","category-destaque-da-semana","category-economia","category-ultima-hora"],"_links":{"self":[{"href":"https:\/\/diarioregionaldigital.com.br\/index.php?rest_route=\/wp\/v2\/posts\/215798","targetHints":{"allow":["GET"]}}],"collection":[{"href":"https:\/\/diarioregionaldigital.com.br\/index.php?rest_route=\/wp\/v2\/posts"}],"about":[{"href":"https:\/\/diarioregionaldigital.com.br\/index.php?rest_route=\/wp\/v2\/types\/post"}],"author":[{"embeddable":true,"href":"https:\/\/diarioregionaldigital.com.br\/index.php?rest_route=\/wp\/v2\/users\/246"}],"replies":[{"embeddable":true,"href":"https:\/\/diarioregionaldigital.com.br\/index.php?rest_route=%2Fwp%2Fv2%2Fcomments&post=215798"}],"version-history":[{"count":1,"href":"https:\/\/diarioregionaldigital.com.br\/index.php?rest_route=\/wp\/v2\/posts\/215798\/revisions"}],"predecessor-version":[{"id":215800,"href":"https:\/\/diarioregionaldigital.com.br\/index.php?rest_route=\/wp\/v2\/posts\/215798\/revisions\/215800"}],"wp:featuredmedia":[{"embeddable":true,"href":"https:\/\/diarioregionaldigital.com.br\/index.php?rest_route=\/wp\/v2\/media\/215799"}],"wp:attachment":[{"href":"https:\/\/diarioregionaldigital.com.br\/index.php?rest_route=%2Fwp%2Fv2%2Fmedia&parent=215798"}],"wp:term":[{"taxonomy":"category","embeddable":true,"href":"https:\/\/diarioregionaldigital.com.br\/index.php?rest_route=%2Fwp%2Fv2%2Fcategories&post=215798"},{"taxonomy":"post_tag","embeddable":true,"href":"https:\/\/diarioregionaldigital.com.br\/index.php?rest_route=%2Fwp%2Fv2%2Ftags&post=215798"}],"curies":[{"name":"wp","href":"https:\/\/api.w.org\/{rel}","templated":true}]}}