{"id":215785,"date":"2023-07-07T00:22:16","date_gmt":"2023-07-07T03:22:16","guid":{"rendered":"https:\/\/diarioregionaldigital.com.br\/?p=215785"},"modified":"2023-07-07T00:22:16","modified_gmt":"2023-07-07T03:22:16","slug":"pjf-avanca-no-cuidado-com-as-areas-verdes-da-cidade-no-primeiro-semestre-do-ano","status":"publish","type":"post","link":"https:\/\/diarioregionaldigital.com.br\/?p=215785","title":{"rendered":"PJF avan\u00e7a no cuidado com as \u00e1reas verdes da cidade no primeiro semestre do ano"},"content":{"rendered":"<p>Segundo informa\u00e7\u00f5es do site da Prefeitura de Juiz de Fora (PJF), a<span style=\"color: #333333; font-size: 16px;\">\u00a0Prefeitura de Juiz de Fora (PJF) j\u00e1 realizou, desde o in\u00edcio deste ano, cerca de 2.500 podas de \u00e1rvores. As a\u00e7\u00f5es garantem mais seguran\u00e7a para a popula\u00e7\u00e3o, al\u00e9m de ajudar as \u00e1rvores a crescerem fortes e saud\u00e1veis.<\/span><\/p>\n<div id=\"box_texto_noticia\">\n<div><\/div>\n<div>As equipes da Empresa Municipal de Pavimenta\u00e7\u00e3o e Urbanidades (Empav) ainda realizaram 814 atendimentos com o servi\u00e7o de poda de grama em locais como pra\u00e7as, canteiros e campos de futebol. Apenas em pra\u00e7as, foram 538 atendimentos, mais que o dobro que no mesmo per\u00edodo de 2022, quando 223 a\u00e7\u00f5es do tipo foram executadas. O n\u00famero j\u00e1 se aproxima do total de trabalhos de poda de grama em pra\u00e7as durante todo o ano passado, que finalizou em 610 servi\u00e7os.<\/p>\n<p><strong>Horto Florestal<\/strong><\/p>\n<p>No per\u00edodo, houve, ainda, o plantio de quase 300 \u00e1rvores, parte do projeto \u2018Cultivar o Futuro\u2019, parceria da Empav com a Secretaria de Sustentabilidade em Meio Ambiente e Atividades Urbanas (Sesmaur), que tem como objetivo melhorar a qualidade ambiental da cidade atrav\u00e9s da arboriza\u00e7\u00e3o.<\/p><\/div>\n<div><\/div>\n<div>As plantas ornamentais tamb\u00e9m voltaram a embelezar o munic\u00edpio. O destaque fica para as flores de beijo (<em>SunPatiens spp<\/em>) que trouxeram mais vida e cor para v\u00e1rios locais, fazendo Juiz de Fora voltar a ser uma cidade florida. Foram plantadas cerca de 35 mil mudas de plantas ornamentais em diversos pontos da cidade, como na Avenida Rio Branco e na Pra\u00e7a Ant\u00f4nio Carlos.<\/p>\n<p>As a\u00e7\u00f5es seguem em andamento na cidade e a programa\u00e7\u00e3o di\u00e1ria completa pode ser conferida na p\u00e1gina do Gabinete de A\u00e7\u00e3o e Di\u00e1logo Comunit\u00e1rio atrav\u00e9s do<a href=\"https:\/\/www.pjf.mg.gov.br\/gabinetecomunitario\/#onde\">\u00a0<strong>link<\/strong><\/a>. Para solicitar servi\u00e7os de zeladoria em vias p\u00fablicas, como tapa-buracos, poda e corte de \u00e1rvores, limpeza de pra\u00e7as e outros, entre em contato com o Gabinete de A\u00e7\u00e3o e Di\u00e1logo Comunit\u00e1rio, atrav\u00e9s do telefone (32) 3690-7241 (liga\u00e7\u00e3o ou WhatsApp).<\/div>\n<\/div>\n<p>&nbsp;<\/p>\n<div id=\"box_compartilhar\" align=\"right\"><\/div>\n","protected":false},"excerpt":{"rendered":"<p>Segundo informa\u00e7\u00f5es do site da Prefeitura de Juiz de Fora (PJF), a\u00a0Prefeitura de Juiz de Fora (PJF) j\u00e1 realizou, desde o in\u00edcio deste ano, cerca de 2.500 podas de \u00e1rvores. As a\u00e7\u00f5es garantem mais seguran\u00e7a para a popula\u00e7\u00e3o, al\u00e9m de ajudar as \u00e1rvores a crescerem fortes e saud\u00e1veis. As equipes da Empresa Municipal de Pavimenta\u00e7\u00e3o [&hellip;]<\/p>\n","protected":false},"author":246,"featured_media":215786,"comment_status":"closed","ping_status":"closed","sticky":false,"template":"","format":"standard","meta":{"footnotes":""},"categories":[253,436,439],"tags":[],"class_list":["post-215785","post","type-post","status-publish","format-standard","has-post-thumbnail","hentry","category-cidade","category-destaque-da-semana","category-ultima-hora"],"_links":{"self":[{"href":"https:\/\/diarioregionaldigital.com.br\/index.php?rest_route=\/wp\/v2\/posts\/215785","targetHints":{"allow":["GET"]}}],"collection":[{"href":"https:\/\/diarioregionaldigital.com.br\/index.php?rest_route=\/wp\/v2\/posts"}],"about":[{"href":"https:\/\/diarioregionaldigital.com.br\/index.php?rest_route=\/wp\/v2\/types\/post"}],"author":[{"embeddable":true,"href":"https:\/\/diarioregionaldigital.com.br\/index.php?rest_route=\/wp\/v2\/users\/246"}],"replies":[{"embeddable":true,"href":"https:\/\/diarioregionaldigital.com.br\/index.php?rest_route=%2Fwp%2Fv2%2Fcomments&post=215785"}],"version-history":[{"count":1,"href":"https:\/\/diarioregionaldigital.com.br\/index.php?rest_route=\/wp\/v2\/posts\/215785\/revisions"}],"predecessor-version":[{"id":215787,"href":"https:\/\/diarioregionaldigital.com.br\/index.php?rest_route=\/wp\/v2\/posts\/215785\/revisions\/215787"}],"wp:featuredmedia":[{"embeddable":true,"href":"https:\/\/diarioregionaldigital.com.br\/index.php?rest_route=\/wp\/v2\/media\/215786"}],"wp:attachment":[{"href":"https:\/\/diarioregionaldigital.com.br\/index.php?rest_route=%2Fwp%2Fv2%2Fmedia&parent=215785"}],"wp:term":[{"taxonomy":"category","embeddable":true,"href":"https:\/\/diarioregionaldigital.com.br\/index.php?rest_route=%2Fwp%2Fv2%2Fcategories&post=215785"},{"taxonomy":"post_tag","embeddable":true,"href":"https:\/\/diarioregionaldigital.com.br\/index.php?rest_route=%2Fwp%2Fv2%2Ftags&post=215785"}],"curies":[{"name":"wp","href":"https:\/\/api.w.org\/{rel}","templated":true}]}}