{"id":215782,"date":"2023-07-07T00:20:09","date_gmt":"2023-07-07T03:20:09","guid":{"rendered":"https:\/\/diarioregionaldigital.com.br\/?p=215782"},"modified":"2023-07-07T00:20:09","modified_gmt":"2023-07-07T03:20:09","slug":"em-seis-meses-programa-boniteza-realiza-mais-de-32-mil-servicos-de-zeladoria","status":"publish","type":"post","link":"https:\/\/diarioregionaldigital.com.br\/?p=215782","title":{"rendered":"Em seis meses, Programa Boniteza realiza mais de 32 mil servi\u00e7os de zeladoria"},"content":{"rendered":"<p>Segundo informa\u00e7\u00f5es do site da Prefeitura de Juiz de Fora (PJF), o\u00a0Programa Boniteza da Prefeitura de Juiz de Fora (PJF) divulgou nesta quinta-feira, 6, o balan\u00e7o das a\u00e7\u00f5es de zeladoria realizadas entre os meses de janeiro e junho de 2023. Neste per\u00edodo, foram 32.232 servi\u00e7os realizados.<\/p>\n<p>O servi\u00e7o de manuten\u00e7\u00e3o de ilumina\u00e7\u00e3o p\u00fablica foi o mais executado pelo Programa Boniteza, totalizando em 13.957 a\u00e7\u00f5es. Foram 436 bairros atendidos e 3.142 ruas est\u00e3o mais iluminadas. S\u00f3 nos \u00faltimos meses, foram substitu\u00eddas mais de 2.300 l\u00e2mpadas convencionais por lumin\u00e1rias LED. A a\u00e7\u00e3o faz parte do programa Brilha JF, que j\u00e1 levou ilumina\u00e7\u00e3o de qualidade para mais de 20 mil postes das ruas do munic\u00edpio.<\/p>\n<p>Em seis meses, foram mais de 17 mil toneladas de massa asf\u00e1ltica aplicadas. S\u00e3o mais de mil ruas atendidas com a opera\u00e7\u00e3o tapa-buraco e mais de 12 quil\u00f4metros de extens\u00e3o de via receberam pavimenta\u00e7\u00e3o ou recapeamento asf\u00e1ltico em 12 quil\u00f4metros de extens\u00e3o de via. Entre ruas, avenidas, pontes e travessas,\u00a0<a href=\"https:\/\/www.pjf.mg.gov.br\/noticias\/view.php?modo=link2&amp;idnoticia2=80344\">36 pontos\u00a0<\/a>agora contam com caminhos ainda melhores.<\/p>\n<p>Com rela\u00e7\u00e3o \u00e0s \u00e1reas verdes, foram efetuados mais de 5.415 atendimentos de revitaliza\u00e7\u00e3o de parques e jardins em Juiz de Fora. Nos \u00faltimos meses, foram atendidos 814 pontos com o servi\u00e7o de poda de grama, entre pra\u00e7as, canteiros e campos de futebol. Al\u00e9m disso, seis pra\u00e7as foram reformadas, entre elas a pra\u00e7a Teot\u00f4nio Vilela, no Vitorino Braga; a pra\u00e7a do bairro F\u00e1brica; pra\u00e7a do bairro Jardim Esperan\u00e7a; pra\u00e7a do bairro Vila Bejani; pra\u00e7a Doutor Jo\u00e3o Fel\u00edcio, no Vitorino Braga; e o largo Rosa Cabinda, no Vitorino Braga.<\/p>\n<p>Tamb\u00e9m foram realizadas 2.500 podas de \u00e1rvores que apresentavam riscos, de acordo com laudo emitido por engenheiros ambientais. J\u00e1 o Horto Florestal da Empresa Municipal de Pavimenta\u00e7\u00e3o e Urbanidades (Empav) realizou o plantio de quase 300 \u00e1rvores, como parte do projeto \u201cCultivar o Futuro\u201d. E, para deixar a cidade ainda mais bonita, foram plantadas cerca de 35 mil mudas de plantas ornamentais em diversos pontos da cidade.<\/p>\n<p>Na varri\u00e7\u00e3o e na capina, mais de 600 mil metros de vias p\u00fablicas foram atendidas. S\u00f3 nos escad\u00f5es, canteiros, UBS\u2019s, becos e rotat\u00f3rias, foram mais de 167 mil metros quadrados atendidos. Nos \u00faltimos seis meses, quase 60 mil metros de margens dos c\u00f3rregos e rios receberam o servi\u00e7o de limpeza. Em junho, foi instalada a primeira ecobarreira da cidade, no Rio Paraibuna pr\u00f3ximo \u00e0 Ponte da Rua Halfeld. O objetivo \u00e9 facilitar a manuten\u00e7\u00e3o e recolhimento de res\u00edduos maiores, al\u00e9m de despertar a reflex\u00e3o sobre o ac\u00famulo de lixo descartado de forma irregular no rio.<\/p>\n<p>No primeiro semestre, foram instaladas quase 900 lixeiras novas no munic\u00edpio.<\/p>\n<p>O projeto Lixo Zero tamb\u00e9m foi destaque neste per\u00edodo: Juiz de Fora tornou-se a primeira cidade de Minas Gerais, com n\u00edvel habitacional acima de 200 mil, a atender 90% da popula\u00e7\u00e3o com o servi\u00e7o de coleta seletiva. Os hor\u00e1rios e locais da coleta seletiva podem ser conferidos no\u00a0<a href=\"https:\/\/demlurb.pjf.mg.gov.br\/rotas.php\">Portal Demlurb<\/a>. J\u00e1 a Coleta Seletiva na Pra\u00e7a da Esta\u00e7\u00e3o, realizada toda quinta-feira com apoio das associa\u00e7\u00f5es de catadores de materiais recicl\u00e1veis, recolheu mais de 1.300 quilos desde maio.<\/p>\n<p>Al\u00e9m disso, entre os servi\u00e7os realizados est\u00e3o patrolamento e lan\u00e7amento de materiais em regi\u00f5es rurais; desobstru\u00e7\u00e3o e constru\u00e7\u00f5es de redes de drenagem; corre\u00e7\u00e3o de eros\u00f5es; reformas e restaura\u00e7\u00f5es de muros, cal\u00e7adas e escad\u00f5es; implanta\u00e7\u00e3o de sinaliza\u00e7\u00e3o horizontal e vertical; servi\u00e7os de manuten\u00e7\u00e3o relacionados a \u00e1gua e esgoto; al\u00e9m de reforma e limpeza de bocas de lobo. Em todo o munic\u00edpio, 360 toneladas de lixo foram retiradas dos bueiros &#8211; servi\u00e7o que ficou mais eficiente com a aquisi\u00e7\u00e3o do caminh\u00e3o hidrojato. O equipamento dobrou o rendimento do servi\u00e7o, contribuindo para reduzir os locais de alagamentos e facilitar o escoamento de \u00e1guas pluviais.<\/p>\n<p><strong>Gabinete de A\u00e7\u00e3o e Di\u00e1logo Comunit\u00e1rio<\/strong><\/p>\n<p>Sob coordena\u00e7\u00e3o da Secretaria de Governo (SG), as a\u00e7\u00f5es de zeladoria do Programa Boniteza s\u00e3o desenvolvidas de forma integrada entre Companhia de Saneamento Municipal (Cesama); Departamento Municipal de Limpeza Urbana (Demlurb); Empresa Municipal de Pavimenta\u00e7\u00e3o e Urbanidades (Empav); Secretaria de Mobilidade Urbana (SMU); Secretaria de Obras (SO); e Secretaria de Sustentabilidade em Meio Ambiente e Atividades Urbanas (Sesmaur).<\/p>\n<p>O Gabinete de A\u00e7\u00e3o e Di\u00e1logo Comunit\u00e1rio (GADC) \u00e9 o canal de contato para pedidos de zeladoria, por meio do n\u00famero 3690-7241 (via liga\u00e7\u00e3o ou mensagem no WhatsApp). Todos os pedidos enviados por cidad\u00e3os, lideran\u00e7as comunit\u00e1rias e vereadores s\u00e3o organizados em um sistema e o andamento da solicita\u00e7\u00e3o pode ser acompanhado em tempo real por outros setores da PJF.<\/p>\n","protected":false},"excerpt":{"rendered":"<p>Segundo informa\u00e7\u00f5es do site da Prefeitura de Juiz de Fora (PJF), o\u00a0Programa Boniteza da Prefeitura de Juiz de Fora (PJF) divulgou nesta quinta-feira, 6, o balan\u00e7o das a\u00e7\u00f5es de zeladoria realizadas entre os meses de janeiro e junho de 2023. Neste per\u00edodo, foram 32.232 servi\u00e7os realizados. O servi\u00e7o de manuten\u00e7\u00e3o de ilumina\u00e7\u00e3o p\u00fablica foi o [&hellip;]<\/p>\n","protected":false},"author":246,"featured_media":0,"comment_status":"closed","ping_status":"closed","sticky":false,"template":"","format":"standard","meta":{"footnotes":""},"categories":[253,436,439],"tags":[],"class_list":["post-215782","post","type-post","status-publish","format-standard","hentry","category-cidade","category-destaque-da-semana","category-ultima-hora"],"_links":{"self":[{"href":"https:\/\/diarioregionaldigital.com.br\/index.php?rest_route=\/wp\/v2\/posts\/215782","targetHints":{"allow":["GET"]}}],"collection":[{"href":"https:\/\/diarioregionaldigital.com.br\/index.php?rest_route=\/wp\/v2\/posts"}],"about":[{"href":"https:\/\/diarioregionaldigital.com.br\/index.php?rest_route=\/wp\/v2\/types\/post"}],"author":[{"embeddable":true,"href":"https:\/\/diarioregionaldigital.com.br\/index.php?rest_route=\/wp\/v2\/users\/246"}],"replies":[{"embeddable":true,"href":"https:\/\/diarioregionaldigital.com.br\/index.php?rest_route=%2Fwp%2Fv2%2Fcomments&post=215782"}],"version-history":[{"count":1,"href":"https:\/\/diarioregionaldigital.com.br\/index.php?rest_route=\/wp\/v2\/posts\/215782\/revisions"}],"predecessor-version":[{"id":215784,"href":"https:\/\/diarioregionaldigital.com.br\/index.php?rest_route=\/wp\/v2\/posts\/215782\/revisions\/215784"}],"wp:attachment":[{"href":"https:\/\/diarioregionaldigital.com.br\/index.php?rest_route=%2Fwp%2Fv2%2Fmedia&parent=215782"}],"wp:term":[{"taxonomy":"category","embeddable":true,"href":"https:\/\/diarioregionaldigital.com.br\/index.php?rest_route=%2Fwp%2Fv2%2Fcategories&post=215782"},{"taxonomy":"post_tag","embeddable":true,"href":"https:\/\/diarioregionaldigital.com.br\/index.php?rest_route=%2Fwp%2Fv2%2Ftags&post=215782"}],"curies":[{"name":"wp","href":"https:\/\/api.w.org\/{rel}","templated":true}]}}