{"id":215769,"date":"2023-07-07T00:08:13","date_gmt":"2023-07-07T03:08:13","guid":{"rendered":"https:\/\/diarioregionaldigital.com.br\/?p=215769"},"modified":"2023-07-07T00:08:13","modified_gmt":"2023-07-07T03:08:13","slug":"conmebol-define-datas-e-horarios-dos-jogos-das-oitavas-da-libertadores","status":"publish","type":"post","link":"https:\/\/diarioregionaldigital.com.br\/?p=215769","title":{"rendered":"Conmebol define datas e hor\u00e1rios dos jogos das oitavas da Libertadores"},"content":{"rendered":"<p>A Conmebol anunciou nesta quinta-feira (6) as datas, hor\u00e1rios e locais dos confrontos de ida e volta das oitavas de final da Copa Libertadores. Os clubes brasileiros jogar\u00e3o \u00e0s ter\u00e7as, quartas e quintas-feiras, no per\u00edodo de 1\u00ba\u00a0a 9 de agosto. Somente a partida de ida entre Argentinos Juniors e Fluminense segue com cidade e est\u00e1dio indefinidos. De acordo com autoridade argentina que fiscaliza\u00a0a capacidade dos est\u00e1dios, o certificado do Est\u00e1dio Diego Armando Maradona &#8211; de propriedade o Argentinos Juniores &#8211; \u00e9 inferior ao m\u00ednimo de 20 mil lugares exigidos pela Conmebol para a realiza\u00e7\u00e3o das oitavas de final da competi\u00e7\u00e3o continental.\u00a0<img decoding=\"async\" src=\"https:\/\/agenciabrasil.ebc.com.br\/ebc.png?id=1542420&amp;o=node\" \/><img decoding=\"async\" src=\"https:\/\/agenciabrasil.ebc.com.br\/ebc.gif?id=1542420&amp;o=node\" \/><\/p>\n<p>Na quarta-feira a Conmebol entidade realizou o sorteio das partidas e tamb\u00e9m o chaveamento at\u00e9 o final da competi\u00e7\u00e3o. O time que avan\u00e7ar \u00e0s quartas de final embolsar\u00e1 US$ 1,7 milh\u00e3o \u2013 o equivalente a R$ 8,9 milh\u00f5es. \u00a0A final da Copa Libertadores deste n\u00e3o ser\u00e1 no Maracan\u00e3, no dia 4 de novembro (s\u00e1bado). \u00a0O vencedor receber\u00e1 premia\u00e7\u00e3o de US$ 18 milh\u00f5es (R$ 94, 5 milh\u00f5es).<\/p>\n<p><span style=\"font-weight: 400;\"><br \/>\n<\/span><span style=\"font-weight: 400;\">Fonte: Ag\u00eancia Brasil\u00a0<\/span><span style=\"font-weight: 400;\"><br \/>\n<\/span><\/p>\n","protected":false},"excerpt":{"rendered":"<p>A Conmebol anunciou nesta quinta-feira (6) as datas, hor\u00e1rios e locais dos confrontos de ida e volta das oitavas de final da Copa Libertadores. Os clubes brasileiros jogar\u00e3o \u00e0s ter\u00e7as, quartas e quintas-feiras, no per\u00edodo de 1\u00ba\u00a0a 9 de agosto. Somente a partida de ida entre Argentinos Juniors e Fluminense segue com cidade e est\u00e1dio [&hellip;]<\/p>\n","protected":false},"author":246,"featured_media":215770,"comment_status":"closed","ping_status":"closed","sticky":false,"template":"","format":"standard","meta":{"footnotes":""},"categories":[436,257,439],"tags":[],"class_list":["post-215769","post","type-post","status-publish","format-standard","has-post-thumbnail","hentry","category-destaque-da-semana","category-esporte","category-ultima-hora"],"_links":{"self":[{"href":"https:\/\/diarioregionaldigital.com.br\/index.php?rest_route=\/wp\/v2\/posts\/215769","targetHints":{"allow":["GET"]}}],"collection":[{"href":"https:\/\/diarioregionaldigital.com.br\/index.php?rest_route=\/wp\/v2\/posts"}],"about":[{"href":"https:\/\/diarioregionaldigital.com.br\/index.php?rest_route=\/wp\/v2\/types\/post"}],"author":[{"embeddable":true,"href":"https:\/\/diarioregionaldigital.com.br\/index.php?rest_route=\/wp\/v2\/users\/246"}],"replies":[{"embeddable":true,"href":"https:\/\/diarioregionaldigital.com.br\/index.php?rest_route=%2Fwp%2Fv2%2Fcomments&post=215769"}],"version-history":[{"count":1,"href":"https:\/\/diarioregionaldigital.com.br\/index.php?rest_route=\/wp\/v2\/posts\/215769\/revisions"}],"predecessor-version":[{"id":215771,"href":"https:\/\/diarioregionaldigital.com.br\/index.php?rest_route=\/wp\/v2\/posts\/215769\/revisions\/215771"}],"wp:featuredmedia":[{"embeddable":true,"href":"https:\/\/diarioregionaldigital.com.br\/index.php?rest_route=\/wp\/v2\/media\/215770"}],"wp:attachment":[{"href":"https:\/\/diarioregionaldigital.com.br\/index.php?rest_route=%2Fwp%2Fv2%2Fmedia&parent=215769"}],"wp:term":[{"taxonomy":"category","embeddable":true,"href":"https:\/\/diarioregionaldigital.com.br\/index.php?rest_route=%2Fwp%2Fv2%2Fcategories&post=215769"},{"taxonomy":"post_tag","embeddable":true,"href":"https:\/\/diarioregionaldigital.com.br\/index.php?rest_route=%2Fwp%2Fv2%2Ftags&post=215769"}],"curies":[{"name":"wp","href":"https:\/\/api.w.org\/{rel}","templated":true}]}}