{"id":215766,"date":"2023-07-07T00:06:36","date_gmt":"2023-07-07T03:06:36","guid":{"rendered":"https:\/\/diarioregionaldigital.com.br\/?p=215766"},"modified":"2023-07-07T00:06:36","modified_gmt":"2023-07-07T03:06:36","slug":"bia-haddad-vence-mais-uma-e-avanca-a-3a-rodada-inedita-em-wimbledon","status":"publish","type":"post","link":"https:\/\/diarioregionaldigital.com.br\/?p=215766","title":{"rendered":"Bia Haddad vence mais uma e avan\u00e7a \u00e0 3\u00aa rodada in\u00e9dita em Wimbledon"},"content":{"rendered":"<p>A tenista brasileira Beatriz Haddad, atual n\u00famero 13 do mundo, vai disputar no pr\u00f3ximo s\u00e1bado (8), pela primeira vez na carreira, a terceira rodada do Torneio de Wimbledon (Inglaterra), um dos quatro Grand Slam (torneio de maior pontua\u00e7\u00e3o) no circuito mundial). Nesta quinta-feira (6), a atleta emplacou a segunda vit\u00f3ria seguida de virada ao bater a romena Jaqueline Cristian (133\u00aa no ranking), por 2 sets a 1 (4\/6 6\/2 6\/4), ap\u00f3s 2h30 de embate. Abrasileira volta \u00e0 quadra no s\u00e1bado (8) \u2013 em hor\u00e1rio ainda a der definido &#8211; contra outra romena: Sorana Cirstea (37\u00aa).<img decoding=\"async\" src=\"https:\/\/agenciabrasil.ebc.com.br\/ebc.png?id=1542452&amp;o=node\" \/><img decoding=\"async\" src=\"https:\/\/agenciabrasil.ebc.com.br\/ebc.gif?id=1542452&amp;o=node\" \/><\/p>\n<p>&#8220;Feliz pela minha briga, mais uma vez eu dei um jeito de ganhar mesmo n\u00e3o me sentindo bem. Fui um pouco &#8216;resultadista&#8217; e isso fez o meu n\u00edvel baixar bastante. Fui conservadora, mas agora tenho a oportunidade de melhorar o meu t\u00eanis. N\u00e3o jogo simples amanh\u00e3, mas vou ver se jogo dupla, \u00e9 mais uma oportunidade para melhorar as coisas&#8221;, disse Haddad, que jogar\u00e1 ao lado da\u00a0bielorrussa Victoria Azarenka, contra a parceria da japonesa Makoto Ninomiya com a espanhola Cristina Bucasa, \u00e0s 7h (hor\u00e1rio de Bras\u00edlia) de s\u00e1bado (8).<\/p>\n<h2>Dupla de Marcelo Melo estreia bem na grama londrina<\/h2>\n<p>O mineiro Marcelo Melo, em parceria com o australiano John Peers, tamb\u00e9m venceu de virada nesta quinta (6), na partida de estreia contra a\u00a0dupla do holand\u00eas Robin Haase com o austr\u00edaco Philipp Oswald, por 2 sets a 1, com parciais de 6\/7 (4-7), 6\/4 e 6\/4. Melo e Peers ter\u00e3o pela frente na segunda rodada os vencedores do confronto entre os norte-americanos Christopher Eubanks e Jeffrey John\u00a0Wolf e os franceses Sadio Doumbia e Fabien Reboul, programado para \u00e0s 7h de s\u00e1bado (7).<\/p>\n<blockquote><p>&#8220;Foi um belo come\u00e7o para n\u00f3s. Muito feliz realmente com a vit\u00f3ria. Era um jogo duro. Uma dupla que vinha de final na semana passada em Maiorca. E a gente conseguiu aproveitar bem as oportunidades, especialmente no segundo e no terceiro sets. Acho que passamos a implementar mais o nosso jogo. Muito bom ter uma quebra logo no in\u00edcio do segundo set. Administramos e, depois, a mesma coisa no terceiro set. Agora \u00e9 continuar ajustando uns detalhes que hoje n\u00e3o deram certo para a pr\u00f3xima rodada&#8221;, disse Melo ap\u00f3s o triunfo.<\/p><\/blockquote>\n<p>J\u00e1 a dupla do ga\u00facho Marcelo Demoliner com o holand\u00eas Matwe Middelkoop se despediu de Wimbledon, ao perder na estreia para os croatas Nikola Mektic e Mate Pavic por 2 sets a 0 , com parciais de 7\/6 (7\/5) e 6\/4).<\/p>\n<h2>Pr\u00f3ximos duelos de brasileiros<\/h2>\n<p><strong>Sexta-feira (7)<\/strong><\/p>\n<p>Em parceria com a francesa Caroline Garcia, a paulista Luisa Stefani disputa o primeiro jogo na grama londrina, a partir das 7h. As advers\u00e1rias ser\u00e3o as norte-americanas Caty McNally e Ashlyn Krueger.\u00a0Na sequ\u00eancia, a partir das 10h55, \u00a0Stefani estreia ao lado do ga\u00facho Rafael Matos, nas duplas mistas, contra Andrea Vavassori \u00a0(It\u00e1lia) e Liudmila Samsonova (R\u00fassia).<\/p>\n<p>A partir das 11h35, o cerarense Thiago Monteiro entra em quadra ao lado do italiano Marco Cecchinato para disputar a primeira rodada das duplas masculinas. Eles enfrentar\u00e3o os australianos Rinky Hijikata e Jason Kubler.<\/p>\n<p><span style=\"font-weight: 400;\">Fonte: Ag\u00eancia Brasil <\/span><\/p>\n","protected":false},"excerpt":{"rendered":"<p>A tenista brasileira Beatriz Haddad, atual n\u00famero 13 do mundo, vai disputar no pr\u00f3ximo s\u00e1bado (8), pela primeira vez na carreira, a terceira rodada do Torneio de Wimbledon (Inglaterra), um dos quatro Grand Slam (torneio de maior pontua\u00e7\u00e3o) no circuito mundial). Nesta quinta-feira (6), a atleta emplacou a segunda vit\u00f3ria seguida de virada ao bater [&hellip;]<\/p>\n","protected":false},"author":246,"featured_media":215767,"comment_status":"closed","ping_status":"closed","sticky":false,"template":"","format":"standard","meta":{"footnotes":""},"categories":[436,257,439],"tags":[],"class_list":["post-215766","post","type-post","status-publish","format-standard","has-post-thumbnail","hentry","category-destaque-da-semana","category-esporte","category-ultima-hora"],"_links":{"self":[{"href":"https:\/\/diarioregionaldigital.com.br\/index.php?rest_route=\/wp\/v2\/posts\/215766","targetHints":{"allow":["GET"]}}],"collection":[{"href":"https:\/\/diarioregionaldigital.com.br\/index.php?rest_route=\/wp\/v2\/posts"}],"about":[{"href":"https:\/\/diarioregionaldigital.com.br\/index.php?rest_route=\/wp\/v2\/types\/post"}],"author":[{"embeddable":true,"href":"https:\/\/diarioregionaldigital.com.br\/index.php?rest_route=\/wp\/v2\/users\/246"}],"replies":[{"embeddable":true,"href":"https:\/\/diarioregionaldigital.com.br\/index.php?rest_route=%2Fwp%2Fv2%2Fcomments&post=215766"}],"version-history":[{"count":1,"href":"https:\/\/diarioregionaldigital.com.br\/index.php?rest_route=\/wp\/v2\/posts\/215766\/revisions"}],"predecessor-version":[{"id":215768,"href":"https:\/\/diarioregionaldigital.com.br\/index.php?rest_route=\/wp\/v2\/posts\/215766\/revisions\/215768"}],"wp:featuredmedia":[{"embeddable":true,"href":"https:\/\/diarioregionaldigital.com.br\/index.php?rest_route=\/wp\/v2\/media\/215767"}],"wp:attachment":[{"href":"https:\/\/diarioregionaldigital.com.br\/index.php?rest_route=%2Fwp%2Fv2%2Fmedia&parent=215766"}],"wp:term":[{"taxonomy":"category","embeddable":true,"href":"https:\/\/diarioregionaldigital.com.br\/index.php?rest_route=%2Fwp%2Fv2%2Fcategories&post=215766"},{"taxonomy":"post_tag","embeddable":true,"href":"https:\/\/diarioregionaldigital.com.br\/index.php?rest_route=%2Fwp%2Fv2%2Ftags&post=215766"}],"curies":[{"name":"wp","href":"https:\/\/api.w.org\/{rel}","templated":true}]}}