{"id":215760,"date":"2023-07-06T23:46:28","date_gmt":"2023-07-07T02:46:28","guid":{"rendered":"https:\/\/diarioregionaldigital.com.br\/?p=215760"},"modified":"2023-07-06T23:46:28","modified_gmt":"2023-07-07T02:46:28","slug":"stf-tem-maioria-por-consignado-para-beneficiarios-de-programas-sociais","status":"publish","type":"post","link":"https:\/\/diarioregionaldigital.com.br\/?p=215760","title":{"rendered":"STF tem maioria por consignado para benefici\u00e1rios de programas sociais"},"content":{"rendered":"<p>O Supremo Tribunal Federal (STF) formou maioria de votos para manter a libera\u00e7\u00e3o de empr\u00e9stimos consignados para benefici\u00e1rios de programas sociais.<img decoding=\"async\" src=\"https:\/\/agenciabrasil.ebc.com.br\/ebc.png?id=1542485&amp;o=node\" \/><img decoding=\"async\" src=\"https:\/\/agenciabrasil.ebc.com.br\/ebc.gif?id=1542485&amp;o=node\" \/><\/p>\n<p>No entanto, apesar da maioria formada a favor do consignado, o ministro Alexandre de Moraes pediu vista do processo e suspendeu o julgamento. N\u00e3o h\u00e1 data para sua retomada.<\/p>\n<p>Em julgamento virtual, os ministros decidem se mant\u00e9m a liminar do relator, ministro Nunes Marques, proferida no ano passado, para rejeitar a\u00e7\u00e3o do PDT para barrar a libera\u00e7\u00e3o de empr\u00e9stimo pessoal para benefici\u00e1rios do Benef\u00edcio de Presta\u00e7\u00e3o Continuada (BPC) e do Aux\u00edlio Brasil (atual Bolsa Fam\u00edlia).<\/p>\n<p>A legenda alegou que o consignado com desconto em folha pode levar ao superendividamento de pessoas vulner\u00e1veis, que podem comprometer o valor do benef\u00edcio antes mesmo do dia de pagamento.<\/p>\n<p>Durante a vota\u00e7\u00e3o, ao reafirmar seu voto para manter o consignado, Nunes Marques entendeu que n\u00e3o h\u00e1 inconstitucionalidade no oferecimento de cr\u00e9dito consignado para os benefici\u00e1rios que desejarem ter acesso aos empr\u00e9stimos.<\/p>\n<p>\u201cN\u00e3o percebo no texto magno qualquer baliza normativa que justifique tomar-se como inconstitucional a amplia\u00e7\u00e3o do acesso ao cr\u00e9dito consignado. Os novos limites da margem consign\u00e1vel n\u00e3o se mostram incompat\u00edveis com os preceitos constitucionais aventados pelo autor\u201d, argumentou o ministro.<\/p>\n<p>O voto foi seguido pelos ministros Edson Fachin, Dias Toffoli, Luiz Fux, Gilmar Mendes e C\u00e1rmen L\u00facia.<\/p>\n<p>As altera\u00e7\u00f5es questionadas est\u00e3o previstas na Lei 14.431\/2022, sancionada pelo ex-presidente Jair Bolsonaro. A norma permitiu que os descontos em folha podem chegar at\u00e9 45% dos benef\u00edcios.<\/p>\n<p>O julgamento ocorreu no plen\u00e1rio virtual, modalidade na qual os ministros inserem os votos no sistema e n\u00e3o h\u00e1 delibera\u00e7\u00e3o presencial. O julgamento foi finalizado na sexta-feira (30), e o resultado foi divulgado hoje (6).<\/p>\n<p><span style=\"font-weight: 400;\">Fonte: Ag\u00eancia Brasil <\/span><\/p>\n","protected":false},"excerpt":{"rendered":"<p>O Supremo Tribunal Federal (STF) formou maioria de votos para manter a libera\u00e7\u00e3o de empr\u00e9stimos consignados para benefici\u00e1rios de programas sociais. No entanto, apesar da maioria formada a favor do consignado, o ministro Alexandre de Moraes pediu vista do processo e suspendeu o julgamento. N\u00e3o h\u00e1 data para sua retomada. Em julgamento virtual, os ministros [&hellip;]<\/p>\n","protected":false},"author":246,"featured_media":215761,"comment_status":"closed","ping_status":"closed","sticky":false,"template":"","format":"standard","meta":{"footnotes":""},"categories":[436,254,439],"tags":[],"class_list":["post-215760","post","type-post","status-publish","format-standard","has-post-thumbnail","hentry","category-destaque-da-semana","category-politica","category-ultima-hora"],"_links":{"self":[{"href":"https:\/\/diarioregionaldigital.com.br\/index.php?rest_route=\/wp\/v2\/posts\/215760","targetHints":{"allow":["GET"]}}],"collection":[{"href":"https:\/\/diarioregionaldigital.com.br\/index.php?rest_route=\/wp\/v2\/posts"}],"about":[{"href":"https:\/\/diarioregionaldigital.com.br\/index.php?rest_route=\/wp\/v2\/types\/post"}],"author":[{"embeddable":true,"href":"https:\/\/diarioregionaldigital.com.br\/index.php?rest_route=\/wp\/v2\/users\/246"}],"replies":[{"embeddable":true,"href":"https:\/\/diarioregionaldigital.com.br\/index.php?rest_route=%2Fwp%2Fv2%2Fcomments&post=215760"}],"version-history":[{"count":1,"href":"https:\/\/diarioregionaldigital.com.br\/index.php?rest_route=\/wp\/v2\/posts\/215760\/revisions"}],"predecessor-version":[{"id":215762,"href":"https:\/\/diarioregionaldigital.com.br\/index.php?rest_route=\/wp\/v2\/posts\/215760\/revisions\/215762"}],"wp:featuredmedia":[{"embeddable":true,"href":"https:\/\/diarioregionaldigital.com.br\/index.php?rest_route=\/wp\/v2\/media\/215761"}],"wp:attachment":[{"href":"https:\/\/diarioregionaldigital.com.br\/index.php?rest_route=%2Fwp%2Fv2%2Fmedia&parent=215760"}],"wp:term":[{"taxonomy":"category","embeddable":true,"href":"https:\/\/diarioregionaldigital.com.br\/index.php?rest_route=%2Fwp%2Fv2%2Fcategories&post=215760"},{"taxonomy":"post_tag","embeddable":true,"href":"https:\/\/diarioregionaldigital.com.br\/index.php?rest_route=%2Fwp%2Fv2%2Ftags&post=215760"}],"curies":[{"name":"wp","href":"https:\/\/api.w.org\/{rel}","templated":true}]}}