{"id":215754,"date":"2023-07-06T23:44:16","date_gmt":"2023-07-07T02:44:16","guid":{"rendered":"https:\/\/diarioregionaldigital.com.br\/?p=215754"},"modified":"2023-07-06T23:44:16","modified_gmt":"2023-07-07T02:44:16","slug":"planalto-confirma-troca-no-ministerio-do-turismo","status":"publish","type":"post","link":"https:\/\/diarioregionaldigital.com.br\/?p=215754","title":{"rendered":"Planalto confirma troca no Minist\u00e9rio do Turismo"},"content":{"rendered":"<div class=\"post-item-wrap\">\n<p>O ministro das Rela\u00e7\u00f5es Institucionais da Presid\u00eancia da Rep\u00fablica, Alexandre Padilha, confirmou na noite desta quinta-feira (6) a sa\u00edda da ministra do Turismo, Daniela Carneiro (Uni\u00e3o Brasil-RJ), do comando da pasta. A mudan\u00e7a, que vinha sendo especulada desde o m\u00eas passado, foi selada durante uma reuni\u00e3o ocorrida no Pal\u00e1cio do Planalto, com o presidente Luiz In\u00e1cio Lula da Silva, Daniela Carneiro, o prefeito de Belford Roxo (RJ), Waguinho, que \u00e9 marido da ministra, al\u00e9m do pr\u00f3prio Padilha.<img decoding=\"async\" src=\"https:\/\/agenciabrasil.ebc.com.br\/ebc.png?id=1542453&amp;o=node\" \/><img decoding=\"async\" src=\"https:\/\/agenciabrasil.ebc.com.br\/ebc.gif?id=1542453&amp;o=node\" \/><\/p>\n<p>&#8220;Hoje [6], o presidente Lula e eu recebemos, no Pal\u00e1cio do Planalto, a minha colega Daniela Carneiro, acompanhada do prefeito Waguinho. Na conversa, pudemos esclarecer as quest\u00f5es partid\u00e1rias que motivam a troca no Minist\u00e9rio do Turismo, e a ministra demonstrou sua compreens\u00e3o com a decis\u00e3o do governo&#8221;, disse Padilha, em nota.<\/p>\n<p>Ainda segundo o ministro, respons\u00e1vel pela articula\u00e7\u00e3o pol\u00edtica do governo, o presidente Lula agradeceu Daniela pelo trabalho na pasta e tamb\u00e9m pela disposi\u00e7\u00e3o de\u00a0permanecer contribuindo com o governo no Congresso, para onde ela retorna, por ter sido a deputada federal mais votada do Rio de Janeiro.<\/p>\n<p>O novo ministro do Turismo ser\u00e1 o deputado federal Celso Sabino (Uni\u00e3o Brasil-PA), indica\u00e7\u00e3o do partido, que vinha reivindicando a pasta ap\u00f3s diverg\u00eancias internas com Daniela Carneiro, que chegou a anunciar a sa\u00edda da legenda. Uma reuni\u00e3o de Lula com representantes do Uni\u00e3o Brasil ser\u00e1 marcada nesta sexta-feira (7), segundo Alexandre Padilha, que tamb\u00e9m anunciou o novo nome do primeiro escal\u00e3o.<\/p>\n<p>&#8220;O presidente Lula e eu nos reuniremos com o presidente e os l\u00edderes do Uni\u00e3o Brasil, em data a ser definida amanh\u00e3, para receber a indica\u00e7\u00e3o do deputado Celso Sabino, que vai liderar a pasta do Turismo, dando continuidade ao trabalho pela recupera\u00e7\u00e3o de um setor t\u00e3o importante para a gera\u00e7\u00e3o de emprego e renda no Brasil.&#8221;<\/p>\n<p>O Uni\u00e3o Brasil, partido com uma das maiores bancadas na C\u00e2mara dos Deputados (59 parlamentares), indicou, durante o processo de montagem do governo, a ministra do Turismo, Daniela Carneiro; o ministro da Integra\u00e7\u00e3o e Desenvolvimento Regional, Waldez G\u00f3es, pr\u00f3ximo ao senador Davi Alcolumbre (Uni\u00e3o-AP); e o ministro das Comunica\u00e7\u00f5es, Juscelino Filho, que veio da base do partido na C\u00e2mara.<\/p>\n<p>Mais cedo, o ministro da Secretaria de Comunica\u00e7\u00e3o Social do governo, Paulo Pimenta, afirmou a jornalistas que Daniela Carneiro\u00a0<a href=\"https:\/\/agenciabrasil.ebc.com.br\/politica\/noticia\/2023-07\/ministra-do-turismo-permanece-no-governo-diz-paulo-pimenta\" target=\"_blank\" rel=\"noopener\">permaneceria no cargo<\/a>, e que n\u00e3o haveria mudan\u00e7as esta semana, enquanto o governo foca em vota\u00e7\u00f5es importantes do Congresso Nacional.<\/p>\n<p><span style=\"font-weight: 400;\">Fonte: Ag\u00eancia Brasil <\/span><\/p>\n<\/div>\n","protected":false},"excerpt":{"rendered":"<p>O ministro das Rela\u00e7\u00f5es Institucionais da Presid\u00eancia da Rep\u00fablica, Alexandre Padilha, confirmou na noite desta quinta-feira (6) a sa\u00edda da ministra do Turismo, Daniela Carneiro (Uni\u00e3o Brasil-RJ), do comando da pasta. A mudan\u00e7a, que vinha sendo especulada desde o m\u00eas passado, foi selada durante uma reuni\u00e3o ocorrida no Pal\u00e1cio do Planalto, com o presidente Luiz [&hellip;]<\/p>\n","protected":false},"author":246,"featured_media":215755,"comment_status":"closed","ping_status":"closed","sticky":false,"template":"","format":"standard","meta":{"footnotes":""},"categories":[436,254,439],"tags":[],"class_list":["post-215754","post","type-post","status-publish","format-standard","has-post-thumbnail","hentry","category-destaque-da-semana","category-politica","category-ultima-hora"],"_links":{"self":[{"href":"https:\/\/diarioregionaldigital.com.br\/index.php?rest_route=\/wp\/v2\/posts\/215754","targetHints":{"allow":["GET"]}}],"collection":[{"href":"https:\/\/diarioregionaldigital.com.br\/index.php?rest_route=\/wp\/v2\/posts"}],"about":[{"href":"https:\/\/diarioregionaldigital.com.br\/index.php?rest_route=\/wp\/v2\/types\/post"}],"author":[{"embeddable":true,"href":"https:\/\/diarioregionaldigital.com.br\/index.php?rest_route=\/wp\/v2\/users\/246"}],"replies":[{"embeddable":true,"href":"https:\/\/diarioregionaldigital.com.br\/index.php?rest_route=%2Fwp%2Fv2%2Fcomments&post=215754"}],"version-history":[{"count":1,"href":"https:\/\/diarioregionaldigital.com.br\/index.php?rest_route=\/wp\/v2\/posts\/215754\/revisions"}],"predecessor-version":[{"id":215756,"href":"https:\/\/diarioregionaldigital.com.br\/index.php?rest_route=\/wp\/v2\/posts\/215754\/revisions\/215756"}],"wp:featuredmedia":[{"embeddable":true,"href":"https:\/\/diarioregionaldigital.com.br\/index.php?rest_route=\/wp\/v2\/media\/215755"}],"wp:attachment":[{"href":"https:\/\/diarioregionaldigital.com.br\/index.php?rest_route=%2Fwp%2Fv2%2Fmedia&parent=215754"}],"wp:term":[{"taxonomy":"category","embeddable":true,"href":"https:\/\/diarioregionaldigital.com.br\/index.php?rest_route=%2Fwp%2Fv2%2Fcategories&post=215754"},{"taxonomy":"post_tag","embeddable":true,"href":"https:\/\/diarioregionaldigital.com.br\/index.php?rest_route=%2Fwp%2Fv2%2Ftags&post=215754"}],"curies":[{"name":"wp","href":"https:\/\/api.w.org\/{rel}","templated":true}]}}