{"id":215748,"date":"2023-07-06T23:36:28","date_gmt":"2023-07-07T02:36:28","guid":{"rendered":"https:\/\/diarioregionaldigital.com.br\/?p=215748"},"modified":"2023-07-06T23:36:28","modified_gmt":"2023-07-07T02:36:28","slug":"maioria-dos-jovens-empreendedores-nao-recebe-apoio-do-poder-publico","status":"publish","type":"post","link":"https:\/\/diarioregionaldigital.com.br\/?p=215748","title":{"rendered":"Maioria dos jovens empreendedores n\u00e3o recebe apoio do poder p\u00fablico"},"content":{"rendered":"<p>Entre os jovens empreendedores, 89% n\u00e3o recebem nenhum apoio do poder p\u00fablico, e a maior parte deles ganha, com seu empreendimento, menos do que um sal\u00e1rio m\u00ednimo. \u00c9 o que aponta o artigo\u00a0<a href=\"https:\/\/bibliotecadigital.fgv.br\/ojs\/index.php\/cgpc\/article\/view\/84763\/83514%C2%A0\" target=\"_blank\" rel=\"noopener\"><em>Mapa de pol\u00edticas p\u00fablicas para a juventude e o trabalho na cidade de S\u00e3o Paulo: uma perspectiva contempor\u00e2nea<\/em><\/a>.<img decoding=\"async\" src=\"https:\/\/agenciabrasil.ebc.com.br\/ebc.png?id=1542278&amp;o=node\" \/><img decoding=\"async\" src=\"https:\/\/agenciabrasil.ebc.com.br\/ebc.gif?id=1542278&amp;o=node\" \/><\/p>\n<p>\u201cEmbora tenha um chamado amplo de incentivo e est\u00edmulo ao empreendedorismo, esse apoio n\u00e3o tem chegado at\u00e9 os jovens, eles n\u00e3o disp\u00f5em de linhas de cr\u00e9dito para empreender. Deveria ter ag\u00eancias de suporte aos jovens, principalmente nas periferias. Em S\u00e3o Paulo ainda tem o Programa para a Valoriza\u00e7\u00e3o de Iniciativas Culturais (VAI), que \u00e9 muito acessado pelos jovens, mas \u00e9 uma lei de fomento, mas espec\u00edfica para a cultura\u201d, disse a pesquisadora Maria Carla Corrochano, autora do artigo junto aos pesquisadores Lu\u00eds Paulo Bresciani e Maria Eduarda Raymundo Nogueira.<\/p>\n<p>O grupo recebeu apoio da Funda\u00e7\u00e3o de Amparo \u00e0 Pesquisa do Estado de S\u00e3o Paulo (Fapesp) por meio do estudo Coletiva Jovem: um projeto de pesquisa e a\u00e7\u00e3o para suporte aos coletivos juvenis de produ\u00e7\u00e3o nas periferias de S\u00e3o Paulo e Buenos Aires, conduzido por Carla Corrochano na Universidade Federal de S\u00e3o Carlos (UFSCar), campus de Sorocaba.<\/p>\n<p>A popula\u00e7\u00e3o jovem da cidade de S\u00e3o Paulo foi estimada em 2,1 milh\u00f5es de pessoas, com idades variando entre 15 e 29 anos. Esse n\u00famero, que corresponde a 21% da popula\u00e7\u00e3o total, foi levantado pela Funda\u00e7\u00e3o Seade, em 2022. A faixa et\u00e1ria segue sendo a mais atingida pelo desemprego e o subemprego. Em 2021, o Instituto Brasileiro de Geografia e Estat\u00edstica (IBGE) registrou uma taxa de desocupa\u00e7\u00e3o de 31% na faixa et\u00e1ria de 18 a 24 anos de idade.<\/p>\n<h2>Cr\u00e9dito<\/h2>\n<p>Os pesquisadores ponderam que o est\u00edmulo ao empreendedorismo pode ser uma sa\u00edda importante para gera\u00e7\u00e3o de trabalho e renda para jovens dos 18 aos 29 anos, \u201cdesde que acompanhado de medidas concretas de cria\u00e7\u00e3o de linhas de cr\u00e9dito e de apoio \u00e0 formaliza\u00e7\u00e3o dos empreendimentos, aliadas \u00e0 melhoria na qualidade do trabalho. Tamb\u00e9m \u00e9 fundamental que sejam estimuladas propostas n\u00e3o apenas de empreendimento individual, mas coletivo, na perspectiva da promo\u00e7\u00e3o da economia popular e solid\u00e1ria\u201d, diz o artigo.<\/p>\n<p>Os programas s\u00e3o basicamente de forma\u00e7\u00e3o, disse a pesquisadora. \u201cTem programas para formar para ser empreendedor. Mas, para ser empreendedor precisa de cr\u00e9dito, de espa\u00e7os espec\u00edficos de trabalho. A pesquisa mostrou que a maior parte dos jovens trabalha na pr\u00f3pria casa, ou na casa de um amigo. N\u00e3o t\u00eam um espa\u00e7o espec\u00edfico para o trabalho e n\u00e3o t\u00eam equipamentos dispon\u00edveis\u201d.<\/p>\n<p>A pesquisa, apoiada pela Fapesp em conv\u00eanio com o Canada&#8217;s International Development Research Centre, fez uma investiga\u00e7\u00e3o qualitativa com 208 moradores das periferias sul e leste da cidade de S\u00e3o Paulo que participavam de coletivos ou de microempreendimentos individuais, ou combinavam uma atividade com a outra. Realizada de 2020 a 2021, durante a pandemia da covid-19, as entrevistas foram realizadas online por dez pesquisadores, tamb\u00e9m jovens, com idades variando entre 17 e 29 anos.<\/p>\n<p>A pesquisa identificou que 62,5% dos coletivos e empreendimentos tinham como local de trabalho a casa de algum integrante. Perguntados sobre as desvantagens de fazer parte, os empreendedores responderam n\u00e3o ter direitos associados ao trabalho, como seguro-sa\u00fade, vale-refei\u00e7\u00e3o ou vale-transporte (70,8%); n\u00e3o ter possibilidade de descansar nos finais de semana ou tirar f\u00e9rias (65,3%); sofrer algum tipo de discrimina\u00e7\u00e3o por ser jovem (48,6%).<\/p>\n<p>J\u00e1 os integrantes dos coletivos reportaram n\u00e3o ter seguran\u00e7a de renda mensal (70,8%); n\u00e3o dispor de recursos suficientes para as necessidades individuais ou familiares (58,30%) e n\u00e3o ter carteira assinada (50%).<\/p>\n<p>A pesquisa mostra que o jovem adere ao empreendedorismo consciente das condi\u00e7\u00f5es adversas. \u201cEle est\u00e1 bem consciente da precariedade dessa condi\u00e7\u00e3o, que \u00e9 muitas vezes assumida por n\u00e3o haver alternativa ou para construir alternativas face \u00e0 baixa qualidade dos trabalhos que consegue acessar. Reivindica direitos associados ao trabalho formal, sabe que o cr\u00e9dito \u00e9 fundamental e, principalmente, deseja um trabalho com sentido\u201d, disse a pesquisadora.<\/p>\n<p>Segundo a pesquisadora Carla Corrochano, a busca de sentido no trabalho, ou seja, almejar um trabalho que seja uma aspira\u00e7\u00e3o individual e que esteja conectado em alguma dimens\u00e3o com o ativismo, foi muito citada pelos jovens na pesquisa. \u201cH\u00e1 jovens que, por exemplo, abrem um brech\u00f3 porque s\u00e3o ativistas do consumo consciente, outras que trabalham com a\u00e7\u00f5es que visam a sustentabilidade ambiental, com a venda de coletores menstruais, e tamb\u00e9m aqueles que produzem camisetas que valorizam a pr\u00f3pria quebrada, com estampas para o jovem da comunidade em que est\u00e1 inserido. Ou seja, uma pr\u00e1tica que est\u00e1 muito evidente, mas que eles t\u00eam clareza de que n\u00e3o \u00e9 f\u00e1cil\u201d.<\/p>\n<p>V\u00e1rias iniciativas com esse enfoque se integraram ao Centro Coletiva Jovem, uma experi\u00eancia-piloto nascida da pesquisa e conduzida em parceria com a A\u00e7\u00e3o Educativa e outras organiza\u00e7\u00f5es da sociedade civil. As iniciativas est\u00e3o descritas no Cat\u00e1logo Coletiva Jovem.<\/p>\n<p>O artigo investigou as pol\u00edticas p\u00fablicas de gera\u00e7\u00e3o de trabalho e renda para a juventude, descrevendo e analisando as mudan\u00e7as mais relevantes ocorridas na cidade de S\u00e3o Paulo a partir de 2013, ano\u00a0<a href=\"https:\/\/agenciabrasil.ebc.com.br\/geral\/noticia\/2023-06\/junho-de-2013-entenda-o-cenario-de-insatisfacao-que-levou-a-protestos\" target=\"_blank\" rel=\"noopener\">marcado pelas manifesta\u00e7\u00f5es de rua na maior cidade do pa\u00eds que impactaram o pa\u00eds<\/a>.<\/p>\n<p>Informa\u00e7\u00f5es sobre o Centro Coletiva Jovem est\u00e3o dispon\u00edveis no\u00a0<a href=\"https:\/\/coletivajovem.org.br\/#\" target=\"_blank\" rel=\"noopener\">site do centro<\/a>.<\/p>\n<p><span style=\"font-weight: 400;\">Fonte: Ag\u00eancia Brasil <\/span><\/p>\n","protected":false},"excerpt":{"rendered":"<p>Entre os jovens empreendedores, 89% n\u00e3o recebem nenhum apoio do poder p\u00fablico, e a maior parte deles ganha, com seu empreendimento, menos do que um sal\u00e1rio m\u00ednimo. \u00c9 o que aponta o artigo\u00a0Mapa de pol\u00edticas p\u00fablicas para a juventude e o trabalho na cidade de S\u00e3o Paulo: uma perspectiva contempor\u00e2nea. \u201cEmbora tenha um chamado amplo [&hellip;]<\/p>\n","protected":false},"author":246,"featured_media":215749,"comment_status":"closed","ping_status":"closed","sticky":false,"template":"","format":"standard","meta":{"footnotes":""},"categories":[436,261,439],"tags":[],"class_list":["post-215748","post","type-post","status-publish","format-standard","has-post-thumbnail","hentry","category-destaque-da-semana","category-economia","category-ultima-hora"],"_links":{"self":[{"href":"https:\/\/diarioregionaldigital.com.br\/index.php?rest_route=\/wp\/v2\/posts\/215748","targetHints":{"allow":["GET"]}}],"collection":[{"href":"https:\/\/diarioregionaldigital.com.br\/index.php?rest_route=\/wp\/v2\/posts"}],"about":[{"href":"https:\/\/diarioregionaldigital.com.br\/index.php?rest_route=\/wp\/v2\/types\/post"}],"author":[{"embeddable":true,"href":"https:\/\/diarioregionaldigital.com.br\/index.php?rest_route=\/wp\/v2\/users\/246"}],"replies":[{"embeddable":true,"href":"https:\/\/diarioregionaldigital.com.br\/index.php?rest_route=%2Fwp%2Fv2%2Fcomments&post=215748"}],"version-history":[{"count":1,"href":"https:\/\/diarioregionaldigital.com.br\/index.php?rest_route=\/wp\/v2\/posts\/215748\/revisions"}],"predecessor-version":[{"id":215750,"href":"https:\/\/diarioregionaldigital.com.br\/index.php?rest_route=\/wp\/v2\/posts\/215748\/revisions\/215750"}],"wp:featuredmedia":[{"embeddable":true,"href":"https:\/\/diarioregionaldigital.com.br\/index.php?rest_route=\/wp\/v2\/media\/215749"}],"wp:attachment":[{"href":"https:\/\/diarioregionaldigital.com.br\/index.php?rest_route=%2Fwp%2Fv2%2Fmedia&parent=215748"}],"wp:term":[{"taxonomy":"category","embeddable":true,"href":"https:\/\/diarioregionaldigital.com.br\/index.php?rest_route=%2Fwp%2Fv2%2Fcategories&post=215748"},{"taxonomy":"post_tag","embeddable":true,"href":"https:\/\/diarioregionaldigital.com.br\/index.php?rest_route=%2Fwp%2Fv2%2Ftags&post=215748"}],"curies":[{"name":"wp","href":"https:\/\/api.w.org\/{rel}","templated":true}]}}