{"id":215696,"date":"2023-07-06T01:24:52","date_gmt":"2023-07-06T04:24:52","guid":{"rendered":"https:\/\/diarioregionaldigital.com.br\/?p=215696"},"modified":"2023-07-06T01:24:52","modified_gmt":"2023-07-06T04:24:52","slug":"nomeacao-de-cristiano-zanin-como-ministro-do-stf-e-publicada-no-dou","status":"publish","type":"post","link":"https:\/\/diarioregionaldigital.com.br\/?p=215696","title":{"rendered":"Nomea\u00e7\u00e3o de Cristiano Zanin como ministro do STF \u00e9 publicada no DOU"},"content":{"rendered":"<p>A nomea\u00e7\u00e3o de Cristiano Zanin como ministro do Supremo Tribunal Federal (STF) foi publicada no\u00a0<a href=\"https:\/\/www.in.gov.br\/en\/web\/dou\/-\/decreto-de-4-de-julho-de-2023-494191420\" target=\"_blank\" rel=\"noopener\"><em>Di\u00e1rio Oficial da Uni\u00e3o<\/em><\/a>\u00a0desta quarta-feira (5). Ap\u00f3s ser indicado pelo presidente Luiz In\u00e1cio Lula da Silva, ele teve o nome aprovado pelo Senado Federal no dia 21 de junho.<img decoding=\"async\" src=\"https:\/\/agenciabrasil.ebc.com.br\/ebc.png?id=1542054&amp;o=node\" \/><img decoding=\"async\" src=\"https:\/\/agenciabrasil.ebc.com.br\/ebc.gif?id=1542054&amp;o=node\" \/><\/p>\n<p>Logo ap\u00f3s a aprova\u00e7\u00e3o de seu nome, o\u00a0<a href=\"https:\/\/agenciabrasil.ebc.com.br\/justica\/noticia\/2023-06\/stf-marca-posse-de-zanin-para-3-de-agosto\" target=\"_blank\" rel=\"noopener\">novo ministro se reuniu<\/a>\u00a0com a presidente do STF, ministra Rosa Weber, com quem definiu a data em que tomar\u00e1 posse na Corte no dia 3 de agosto, na primeira semana ap\u00f3s o recesso, que acontece no per\u00edodo de 2 a 31 de julho.<\/p>\n<p>Com 47 anos, Zanin poder\u00e1 atuar no STF por 28 anos, j\u00e1 que a aposentadoria compuls\u00f3ria de ministros \u00e9 aos 75 anos. Ele ocupar\u00e1 a cadeira do ministro Ricardo Lewandowski, que se aposentou em maio deste ano.<\/p>\n<p>Cristiano Zanin \u00e9 formado em Direito pela Pontif\u00edcia Universidade Cat\u00f3lica de S\u00e3o Paulo (PUC-SP), al\u00e9m de ser especialista em lit\u00edgios estrat\u00e9gicos e decisivos, empresariais ou criminais, nacionais e transnacionais. Ele tamb\u00e9m atuou como defensor do presidente Lula nos processos da Opera\u00e7\u00e3o Lava Jato.<\/p>\n<p><span style=\"font-weight: 400;\">Fonte: Ag\u00eancia Brasil <\/span><\/p>\n","protected":false},"excerpt":{"rendered":"<p>A nomea\u00e7\u00e3o de Cristiano Zanin como ministro do Supremo Tribunal Federal (STF) foi publicada no\u00a0Di\u00e1rio Oficial da Uni\u00e3o\u00a0desta quarta-feira (5). Ap\u00f3s ser indicado pelo presidente Luiz In\u00e1cio Lula da Silva, ele teve o nome aprovado pelo Senado Federal no dia 21 de junho. Logo ap\u00f3s a aprova\u00e7\u00e3o de seu nome, o\u00a0novo ministro se reuniu\u00a0com a [&hellip;]<\/p>\n","protected":false},"author":246,"featured_media":215697,"comment_status":"closed","ping_status":"closed","sticky":false,"template":"","format":"standard","meta":{"footnotes":""},"categories":[436,254,439],"tags":[],"class_list":["post-215696","post","type-post","status-publish","format-standard","has-post-thumbnail","hentry","category-destaque-da-semana","category-politica","category-ultima-hora"],"_links":{"self":[{"href":"https:\/\/diarioregionaldigital.com.br\/index.php?rest_route=\/wp\/v2\/posts\/215696","targetHints":{"allow":["GET"]}}],"collection":[{"href":"https:\/\/diarioregionaldigital.com.br\/index.php?rest_route=\/wp\/v2\/posts"}],"about":[{"href":"https:\/\/diarioregionaldigital.com.br\/index.php?rest_route=\/wp\/v2\/types\/post"}],"author":[{"embeddable":true,"href":"https:\/\/diarioregionaldigital.com.br\/index.php?rest_route=\/wp\/v2\/users\/246"}],"replies":[{"embeddable":true,"href":"https:\/\/diarioregionaldigital.com.br\/index.php?rest_route=%2Fwp%2Fv2%2Fcomments&post=215696"}],"version-history":[{"count":1,"href":"https:\/\/diarioregionaldigital.com.br\/index.php?rest_route=\/wp\/v2\/posts\/215696\/revisions"}],"predecessor-version":[{"id":215698,"href":"https:\/\/diarioregionaldigital.com.br\/index.php?rest_route=\/wp\/v2\/posts\/215696\/revisions\/215698"}],"wp:featuredmedia":[{"embeddable":true,"href":"https:\/\/diarioregionaldigital.com.br\/index.php?rest_route=\/wp\/v2\/media\/215697"}],"wp:attachment":[{"href":"https:\/\/diarioregionaldigital.com.br\/index.php?rest_route=%2Fwp%2Fv2%2Fmedia&parent=215696"}],"wp:term":[{"taxonomy":"category","embeddable":true,"href":"https:\/\/diarioregionaldigital.com.br\/index.php?rest_route=%2Fwp%2Fv2%2Fcategories&post=215696"},{"taxonomy":"post_tag","embeddable":true,"href":"https:\/\/diarioregionaldigital.com.br\/index.php?rest_route=%2Fwp%2Fv2%2Ftags&post=215696"}],"curies":[{"name":"wp","href":"https:\/\/api.w.org\/{rel}","templated":true}]}}