{"id":215690,"date":"2023-07-06T01:18:19","date_gmt":"2023-07-06T04:18:19","guid":{"rendered":"https:\/\/diarioregionaldigital.com.br\/?p=215690"},"modified":"2023-07-06T01:18:19","modified_gmt":"2023-07-06T04:18:19","slug":"bndes-eleva-investimentos-na-agropecuaria-em-50","status":"publish","type":"post","link":"https:\/\/diarioregionaldigital.com.br\/?p=215690","title":{"rendered":"BNDES eleva investimentos na agropecu\u00e1ria em 50%"},"content":{"rendered":"<p>O Banco Nacional do Desenvolvimento Econ\u00f4mico e Social (BNDES) anunciou nesta quarta-feira (5) que elevou o investimento no setor agropecu\u00e1rio em 50% no primeiro semestre deste ano, comparando os n\u00fameros com 2022.<img decoding=\"async\" src=\"https:\/\/agenciabrasil.ebc.com.br\/ebc.png?id=1542155&amp;o=node\" \/><img decoding=\"async\" src=\"https:\/\/agenciabrasil.ebc.com.br\/ebc.gif?id=1542155&amp;o=node\" \/><\/p>\n<p>As a\u00e7\u00f5es do banco nos primeiros seis meses do ano voltadas \u00e0 agricultura familiar e ao agroneg\u00f3cio somam R$ 50 bilh\u00f5es, segundo divulga\u00e7\u00e3o da institui\u00e7\u00e3o. Esse montante inclui novas opera\u00e7\u00f5es de cr\u00e9dito e investimentos, como os cerca de R$ 1 bilh\u00e3o aprovados junto ao Fundo Internacional de Desenvolvimento Agr\u00edcola da ONU (Fida) para que 250 mil fam\u00edlias de agricultores familiares do semi\u00e1rido nordestino recebam investimentos em pr\u00e1ticas agr\u00edcolas e seguran\u00e7a h\u00eddrica.<\/p>\n<p>A maior parte dos recursos contabilizados pelo BNDES s\u00e3o do Plano Safra\/Safrinha 2023\/2024, para os quais o banco reservou R$ 38,4 bilh\u00f5es em cr\u00e9ditos.<\/p>\n<p>O volume oferecido para a agricultura familiar foi ampliado em 103%, chegando a R$ 11,6 bilh\u00f5es. Para a agricultura empresarial, foram R$ 14,8 bilh\u00f5es, um crescimento de 33% em rela\u00e7\u00e3o ao plano anterior (2022\/2023).<\/p>\n<p>O BNDES destaca ainda a reativa\u00e7\u00e3o de linhas de financiamentos para o agroneg\u00f3cio, que estavam fechadas at\u00e9 a posse da nova diretoria e a cria\u00e7\u00e3o de uma nova linha indexada ao d\u00f3lar, voltada para produtores que recebem na moeda estrangeira. Esses recursos somam mais R$ 11,5 bilh\u00f5es.<\/p>\n<p>Para o presidente do banco, Aloizio Mercadante, o agro brasileiro precisa produzir cada vez mais, mas sem desmatar e destruir o meio ambiente, para mostrar ao mundo um agroneg\u00f3cio eficiente e moderno.<\/p>\n<p>Atualmente, o Brasil \u00e9 o quinto maior emissor de gases de efeito estufa no planeta, e metade dessas emiss\u00f5es s\u00e3o causadas por desmatamento e queimada, em grande parte relacionados \u00e0 expans\u00e3o de fazendas e pastos sobre biomas como o Cerrado e a Amaz\u00f4nia.<\/p>\n<p>A redu\u00e7\u00e3o dessas emiss\u00f5es \u00e9 um compromisso internacional do pa\u00eds no Acordo de Paris, que visa reduzir a intensidade e o impacto das mudan\u00e7as clim\u00e1ticas causadas pela a\u00e7\u00e3o humana at\u00e9 2030. As altera\u00e7\u00f5es no clima v\u00eam sendo apontadas como causadoras de eventos clim\u00e1ticos extremos e desastres, como temporais, deslizamentos e enchentes.<\/p>\n<p><span style=\"font-weight: 400;\"><br \/>\n<\/span><span style=\"font-weight: 400;\">Fonte: Ag\u00eancia Brasil <\/span><\/p>\n","protected":false},"excerpt":{"rendered":"<p>O Banco Nacional do Desenvolvimento Econ\u00f4mico e Social (BNDES) anunciou nesta quarta-feira (5) que elevou o investimento no setor agropecu\u00e1rio em 50% no primeiro semestre deste ano, comparando os n\u00fameros com 2022. As a\u00e7\u00f5es do banco nos primeiros seis meses do ano voltadas \u00e0 agricultura familiar e ao agroneg\u00f3cio somam R$ 50 bilh\u00f5es, segundo divulga\u00e7\u00e3o [&hellip;]<\/p>\n","protected":false},"author":246,"featured_media":215691,"comment_status":"closed","ping_status":"closed","sticky":false,"template":"","format":"standard","meta":{"footnotes":""},"categories":[436,261,439],"tags":[],"class_list":["post-215690","post","type-post","status-publish","format-standard","has-post-thumbnail","hentry","category-destaque-da-semana","category-economia","category-ultima-hora"],"_links":{"self":[{"href":"https:\/\/diarioregionaldigital.com.br\/index.php?rest_route=\/wp\/v2\/posts\/215690","targetHints":{"allow":["GET"]}}],"collection":[{"href":"https:\/\/diarioregionaldigital.com.br\/index.php?rest_route=\/wp\/v2\/posts"}],"about":[{"href":"https:\/\/diarioregionaldigital.com.br\/index.php?rest_route=\/wp\/v2\/types\/post"}],"author":[{"embeddable":true,"href":"https:\/\/diarioregionaldigital.com.br\/index.php?rest_route=\/wp\/v2\/users\/246"}],"replies":[{"embeddable":true,"href":"https:\/\/diarioregionaldigital.com.br\/index.php?rest_route=%2Fwp%2Fv2%2Fcomments&post=215690"}],"version-history":[{"count":1,"href":"https:\/\/diarioregionaldigital.com.br\/index.php?rest_route=\/wp\/v2\/posts\/215690\/revisions"}],"predecessor-version":[{"id":215692,"href":"https:\/\/diarioregionaldigital.com.br\/index.php?rest_route=\/wp\/v2\/posts\/215690\/revisions\/215692"}],"wp:featuredmedia":[{"embeddable":true,"href":"https:\/\/diarioregionaldigital.com.br\/index.php?rest_route=\/wp\/v2\/media\/215691"}],"wp:attachment":[{"href":"https:\/\/diarioregionaldigital.com.br\/index.php?rest_route=%2Fwp%2Fv2%2Fmedia&parent=215690"}],"wp:term":[{"taxonomy":"category","embeddable":true,"href":"https:\/\/diarioregionaldigital.com.br\/index.php?rest_route=%2Fwp%2Fv2%2Fcategories&post=215690"},{"taxonomy":"post_tag","embeddable":true,"href":"https:\/\/diarioregionaldigital.com.br\/index.php?rest_route=%2Fwp%2Fv2%2Ftags&post=215690"}],"curies":[{"name":"wp","href":"https:\/\/api.w.org\/{rel}","templated":true}]}}