{"id":215687,"date":"2023-07-06T01:16:37","date_gmt":"2023-07-06T04:16:37","guid":{"rendered":"https:\/\/diarioregionaldigital.com.br\/?p=215687"},"modified":"2023-07-06T01:16:37","modified_gmt":"2023-07-06T04:16:37","slug":"conselho-federativo-tera-criterios-de-populacao-e-numero-de-estados","status":"publish","type":"post","link":"https:\/\/diarioregionaldigital.com.br\/?p=215687","title":{"rendered":"Conselho Federativo ter\u00e1 crit\u00e9rios de popula\u00e7\u00e3o e n\u00famero de estados"},"content":{"rendered":"<p>Um dos principais impasses recentes para a vota\u00e7\u00e3o da reforma tribut\u00e1ria, a representatividade dos estados e dos munic\u00edpios dentro do Conselho Federativo est\u00e1 mais perto de ser resolvida. O ministro da Fazenda, Fernando Haddad, sugeriu que as vota\u00e7\u00f5es no futuro \u00f3rg\u00e3o, que decidir\u00e1 sobre pol\u00edticas fiscais e tribut\u00e1rias, obedecer\u00e1 a dois crit\u00e9rios simult\u00e2neos: o n\u00famero de estados e o peso da popula\u00e7\u00e3o dos estados.<img decoding=\"async\" src=\"https:\/\/agenciabrasil.ebc.com.br\/ebc.png?id=1542224&amp;o=node\" \/><img decoding=\"async\" src=\"https:\/\/agenciabrasil.ebc.com.br\/ebc.gif?id=1542224&amp;o=node\" \/><\/p>\n<p>\u201cEncaminhamos uma proposta para o Conselho Federativo. As vota\u00e7\u00f5es v\u00e3o ter de atender os crit\u00e9rios de popula\u00e7\u00e3o e de n\u00fameros de estados. Para passar no conselho, [uma proposta] tem que ter maioria dos estados e maioria da popula\u00e7\u00e3o\u201d, explicou Haddad nesta noite, ap\u00f3s se reunir com o relator da reforma tribut\u00e1ria na C\u00e2mara, deputado Aguinaldo Ribeiro (PP-PB).<\/p>\n<p>Em rela\u00e7\u00e3o aos munic\u00edpios, o ministro explicou que eles ser\u00e3o representados no conselho com base no tamanho da popula\u00e7\u00e3o.<\/p>\n<p>Nos \u00faltimos dias, os governadores do Sul e do Sudeste reivindicaram mudan\u00e7as no Conselho Federativo. Isso porque essas regi\u00f5es, pelo crit\u00e9rio de n\u00famero de estados, perderiam as vota\u00e7\u00f5es, apesar de terem a maior parte da popula\u00e7\u00e3o do pa\u00eds, enquanto o Norte, o Nordeste e o Centro-Oeste ganhariam porque concentram 20 das 27 unidades da Federa\u00e7\u00e3o.<\/p>\n<h2>S\u00e3o Paulo<\/h2>\n<p>O ministro tamb\u00e9m comentou sobre a reuni\u00e3o que teve mais cedo com o governador de S\u00e3o Paulo, Tarc\u00edsio de Freitas. Segundo Haddad, durante o encontro, o governador mostrou que est\u00e1 mais \u201csens\u00edvel\u201d ao argumento de que mudan\u00e7as nas negocia\u00e7\u00f5es em torno da reforma tribut\u00e1ria resultar\u00e3o em passivos para futuros governantes.<\/p>\n<p>\u201cSe a gente mudar algo agora, como adiar algumas medidas, essa conta ser\u00e1 paga daqui a quatro anos. Seria f\u00e1cil, para mim, concordar [com eventuais mudan\u00e7as] e deixar os efeitos para quando eu n\u00e3o estiver mais aqui no minist\u00e9rio, mas eu n\u00e3o penso assim\u201d, declarou.<\/p>\n<p>Ap\u00f3s a reuni\u00e3o desta quarta-feira, Freitas recuou de algumas cr\u00edticas que vinha fazendo \u00e0 reforma tribut\u00e1ria e disse\u00a0<a href=\"https:\/\/agenciabrasil.ebc.com.br\/economia\/noticia\/2023-07\/governador-de-sao-paulo-manifesta-apoio-95-da-reforma-tributaria\" target=\"_blank\" rel=\"noopener\">estar a favor de \u201c95% do que est\u00e1 sendo discutido<\/a>\u201d. Freitas disse ainda ter diverg\u00eancias em \u201cquest\u00f5es pontuais\u201d com o governo federal, mas afirmou ser um \u201cparceiro\u201d na aprova\u00e7\u00e3o da reforma.<\/p>\n<p><span style=\"font-weight: 400;\">Fonte: Ag\u00eancia Brasil <\/span><\/p>\n","protected":false},"excerpt":{"rendered":"<p>Um dos principais impasses recentes para a vota\u00e7\u00e3o da reforma tribut\u00e1ria, a representatividade dos estados e dos munic\u00edpios dentro do Conselho Federativo est\u00e1 mais perto de ser resolvida. O ministro da Fazenda, Fernando Haddad, sugeriu que as vota\u00e7\u00f5es no futuro \u00f3rg\u00e3o, que decidir\u00e1 sobre pol\u00edticas fiscais e tribut\u00e1rias, obedecer\u00e1 a dois crit\u00e9rios simult\u00e2neos: o n\u00famero [&hellip;]<\/p>\n","protected":false},"author":246,"featured_media":215688,"comment_status":"closed","ping_status":"closed","sticky":false,"template":"","format":"standard","meta":{"footnotes":""},"categories":[436,261,439],"tags":[],"class_list":["post-215687","post","type-post","status-publish","format-standard","has-post-thumbnail","hentry","category-destaque-da-semana","category-economia","category-ultima-hora"],"_links":{"self":[{"href":"https:\/\/diarioregionaldigital.com.br\/index.php?rest_route=\/wp\/v2\/posts\/215687","targetHints":{"allow":["GET"]}}],"collection":[{"href":"https:\/\/diarioregionaldigital.com.br\/index.php?rest_route=\/wp\/v2\/posts"}],"about":[{"href":"https:\/\/diarioregionaldigital.com.br\/index.php?rest_route=\/wp\/v2\/types\/post"}],"author":[{"embeddable":true,"href":"https:\/\/diarioregionaldigital.com.br\/index.php?rest_route=\/wp\/v2\/users\/246"}],"replies":[{"embeddable":true,"href":"https:\/\/diarioregionaldigital.com.br\/index.php?rest_route=%2Fwp%2Fv2%2Fcomments&post=215687"}],"version-history":[{"count":1,"href":"https:\/\/diarioregionaldigital.com.br\/index.php?rest_route=\/wp\/v2\/posts\/215687\/revisions"}],"predecessor-version":[{"id":215689,"href":"https:\/\/diarioregionaldigital.com.br\/index.php?rest_route=\/wp\/v2\/posts\/215687\/revisions\/215689"}],"wp:featuredmedia":[{"embeddable":true,"href":"https:\/\/diarioregionaldigital.com.br\/index.php?rest_route=\/wp\/v2\/media\/215688"}],"wp:attachment":[{"href":"https:\/\/diarioregionaldigital.com.br\/index.php?rest_route=%2Fwp%2Fv2%2Fmedia&parent=215687"}],"wp:term":[{"taxonomy":"category","embeddable":true,"href":"https:\/\/diarioregionaldigital.com.br\/index.php?rest_route=%2Fwp%2Fv2%2Fcategories&post=215687"},{"taxonomy":"post_tag","embeddable":true,"href":"https:\/\/diarioregionaldigital.com.br\/index.php?rest_route=%2Fwp%2Fv2%2Ftags&post=215687"}],"curies":[{"name":"wp","href":"https:\/\/api.w.org\/{rel}","templated":true}]}}