{"id":215684,"date":"2023-07-06T01:15:26","date_gmt":"2023-07-06T04:15:26","guid":{"rendered":"https:\/\/diarioregionaldigital.com.br\/?p=215684"},"modified":"2023-07-06T01:15:26","modified_gmt":"2023-07-06T04:15:26","slug":"governo-da-suica-anuncia-doacoes-para-o-fundo-amazonia","status":"publish","type":"post","link":"https:\/\/diarioregionaldigital.com.br\/?p=215684","title":{"rendered":"Governo da Su\u00ed\u00e7a anuncia doa\u00e7\u00f5es para o Fundo Amaz\u00f4nia"},"content":{"rendered":"<p>Representantes do governo da Su\u00ed\u00e7a informaram, nesta quarta-feira (5), que o pa\u00eds far\u00e1 doa\u00e7\u00f5es em dinheiro para o Fundo Amaz\u00f4nia.Os recursos s\u00e3o usados para prote\u00e7\u00e3o do meio ambiente e combate ao desmatamento do bioma.<img decoding=\"async\" src=\"https:\/\/agenciabrasil.ebc.com.br\/ebc.png?id=1542177&amp;o=node\" \/><img decoding=\"async\" src=\"https:\/\/agenciabrasil.ebc.com.br\/ebc.gif?id=1542177&amp;o=node\" \/><\/p>\n<p>O an\u00fancio foi feito abertura do F\u00f3rum Brasil-Su\u00ed\u00e7a de investimentos, evento que est\u00e1 sendo realizado em Bras\u00edlia.<\/p>\n<p>Os valores n\u00e3o foram divulgados, mas, de acordo com o conselheiro su\u00ed\u00e7o das \u00e1reas de Economia, Educa\u00e7\u00e3o e Pesquisa, Guy Parmelin, as primeiras doa\u00e7\u00f5es devem ocorrer nas pr\u00f3ximas semanas.<\/p>\n<p>Pelas redes sociais, o vice-presidente e ministro do Desenvolvimento, Ind\u00fastria, Com\u00e9rcio e Servi\u00e7os, Geraldo Alckmin, que tamb\u00e9m participou da abertura do evento, agradeceu a ajuda do governo su\u00ed\u00e7o. &#8220;A Su\u00ed\u00e7a est\u00e1 entre os 10 maiores investidores no Brasil, contando com 660 empresas instaladas no pa\u00eds. Recebemos com entusiasmo as perspectivas de doa\u00e7\u00e3o, por parte da Su\u00ed\u00e7a, de recursos para o Fundo Amaz\u00f4nia&#8221;, disse Alckmin.<\/p>\n<p>Os recursos do Fundo Amaz\u00f4nia s\u00e3o usados em a\u00e7\u00f5es de promo\u00e7\u00e3o da sustentabilidade e combate ao desmatamento na regi\u00e3o.<\/p>\n<p>Al\u00e9m dos recursos oriundos da Su\u00ed\u00e7a, o Fundo tem previs\u00e3o de receber valores doados pelos Estados Unidos, pela Noruega, pela Alemanha e pelo Reino Unido.<\/p>\n<p>Criado em 2008, o Fundo Amaz\u00f4nia \u00e9 gerido pelo Banco Nacional de Desenvolvimento Econ\u00f4mico e Social (BNDES) e funciona como uma esp\u00e9cie de cr\u00e9dito que outros pa\u00edses d\u00e3o ao Brasil pelos bons resultados de suas pol\u00edticas ambientais.<\/p>\n<p><span style=\"font-weight: 400;\">Fonte: Ag\u00eancia Brasil <\/span><\/p>\n","protected":false},"excerpt":{"rendered":"<p>Representantes do governo da Su\u00ed\u00e7a informaram, nesta quarta-feira (5), que o pa\u00eds far\u00e1 doa\u00e7\u00f5es em dinheiro para o Fundo Amaz\u00f4nia.Os recursos s\u00e3o usados para prote\u00e7\u00e3o do meio ambiente e combate ao desmatamento do bioma. O an\u00fancio foi feito abertura do F\u00f3rum Brasil-Su\u00ed\u00e7a de investimentos, evento que est\u00e1 sendo realizado em Bras\u00edlia. Os valores n\u00e3o foram [&hellip;]<\/p>\n","protected":false},"author":246,"featured_media":215685,"comment_status":"closed","ping_status":"closed","sticky":false,"template":"","format":"standard","meta":{"footnotes":""},"categories":[436,261,439],"tags":[],"class_list":["post-215684","post","type-post","status-publish","format-standard","has-post-thumbnail","hentry","category-destaque-da-semana","category-economia","category-ultima-hora"],"_links":{"self":[{"href":"https:\/\/diarioregionaldigital.com.br\/index.php?rest_route=\/wp\/v2\/posts\/215684","targetHints":{"allow":["GET"]}}],"collection":[{"href":"https:\/\/diarioregionaldigital.com.br\/index.php?rest_route=\/wp\/v2\/posts"}],"about":[{"href":"https:\/\/diarioregionaldigital.com.br\/index.php?rest_route=\/wp\/v2\/types\/post"}],"author":[{"embeddable":true,"href":"https:\/\/diarioregionaldigital.com.br\/index.php?rest_route=\/wp\/v2\/users\/246"}],"replies":[{"embeddable":true,"href":"https:\/\/diarioregionaldigital.com.br\/index.php?rest_route=%2Fwp%2Fv2%2Fcomments&post=215684"}],"version-history":[{"count":1,"href":"https:\/\/diarioregionaldigital.com.br\/index.php?rest_route=\/wp\/v2\/posts\/215684\/revisions"}],"predecessor-version":[{"id":215686,"href":"https:\/\/diarioregionaldigital.com.br\/index.php?rest_route=\/wp\/v2\/posts\/215684\/revisions\/215686"}],"wp:featuredmedia":[{"embeddable":true,"href":"https:\/\/diarioregionaldigital.com.br\/index.php?rest_route=\/wp\/v2\/media\/215685"}],"wp:attachment":[{"href":"https:\/\/diarioregionaldigital.com.br\/index.php?rest_route=%2Fwp%2Fv2%2Fmedia&parent=215684"}],"wp:term":[{"taxonomy":"category","embeddable":true,"href":"https:\/\/diarioregionaldigital.com.br\/index.php?rest_route=%2Fwp%2Fv2%2Fcategories&post=215684"},{"taxonomy":"post_tag","embeddable":true,"href":"https:\/\/diarioregionaldigital.com.br\/index.php?rest_route=%2Fwp%2Fv2%2Ftags&post=215684"}],"curies":[{"name":"wp","href":"https:\/\/api.w.org\/{rel}","templated":true}]}}