{"id":215656,"date":"2023-07-04T22:55:12","date_gmt":"2023-07-05T01:55:12","guid":{"rendered":"https:\/\/diarioregionaldigital.com.br\/?p=215656"},"modified":"2023-07-04T22:55:12","modified_gmt":"2023-07-05T01:55:12","slug":"selecoes-de-goalball-do-canada-e-do-japao-fazem-intercambio-com-brasil-no-centro-de-treinamento-paralimpico","status":"publish","type":"post","link":"https:\/\/diarioregionaldigital.com.br\/?p=215656","title":{"rendered":"Sele\u00e7\u00f5es de goalball do Canad\u00e1 e do Jap\u00e3o fazem interc\u00e2mbio com Brasil no Centro de Treinamento Paral\u00edmpico"},"content":{"rendered":"<p>Doze atletas estrangeiros, das sele\u00e7\u00f5es masculinas do Canad\u00e1 e do Jap\u00e3o, est\u00e3o no Centro de Treinamento Paral\u00edmpico, em S\u00e3o Paulo, para realizar uma semana de interc\u00e2mbio e partidas amistosas com a Sele\u00e7\u00e3o Brasileira, atual\u00a0<u><\/u><a href=\"https:\/\/www.cpb.org.br\/noticia\/detalhe\/3556\/brasil-vence-china-e-conquista-pela-primeira-vez-medalha-de-ouro-no-goalball-masculino-nos-jogos-de-toquio\"><u><strong>campe\u00e3 paral\u00edmpica e\u00a0\u00a0<\/strong><\/u><\/a>tricampe\u00e3 mundial.<\/p>\n<p>Os jogadores chegaram no CT na \u00faltima quinta-feira, 29, e ficar\u00e3o concentrados at\u00e9 quinta-feira, 6. A equipe brasileira tamb\u00e9m est\u00e1 no local, com uma delega\u00e7\u00e3o formada por nove atletas.<\/p>\n<p>\u201cFoi muito bom sermos chamados para essa semana de treinamento com duas equipes muito competitivas. N\u00e3o se rejeita a oportunidade de estar junto dos melhores\u201d, disse Nathalie Seguin, treinadora do Canad\u00e1 h\u00e1 11 anos e tamb\u00e9m presente no CT.<\/p>\n<p>Ela explicou que, devido \u00e0s grandes dimens\u00f5es de seu pa\u00eds, a sele\u00e7\u00e3o canadense se re\u00fane apenas a cada tr\u00eas ou quatro meses para treinar, o que valoriza ainda mais o interc\u00e2mbio. Al\u00e9m disso, ainda de acordo com a t\u00e9cnica, os treinadores brasileiros s\u00e3o muito abertos para trocar experi\u00eancias e dividir novos exerc\u00edcios aplicados a seus jogadores. \u201cEste \u00e9 o melhor ambiente em que se pode trabalhar\u201d, afirmou.<\/p>\n<p>Um dos atletas do time canadense, Douglas Ripley, 49, contou estar pela quarta vez no Brasil. O jogador elogiou a qualidade do Centro de Treinamento Paral\u00edmpico e o ambiente para o desenvolvimento do goalball no pa\u00eds, que, em sua avalia\u00e7\u00e3o, conta com boa quantidade de clubes, associa\u00e7\u00f5es, atletas e campeonatos. \u201cGostamos de vir para entender como o goalball acontece aqui. \u00c9 algo que gostar\u00edamos de fazer no nosso pa\u00eds tamb\u00e9m. Al\u00e9m disso, poder estar ao lado de um time que vem sendo consistentemente campe\u00e3o \u00e9 tudo o que se pode querer&#8221;, disse Douglas.<\/p>\n<p>O canadense tamb\u00e9m disse estar satisfeito com a possibilidade de estreitar a rela\u00e7\u00e3o com os jogadores brasileiros para al\u00e9m das quadras. \u201cO goalball \u00e9 uma linguagem universal. Mas tamb\u00e9m \u00e9 muito bom estar em situa\u00e7\u00f5es mais relaxadas\u201d, afirmou o atleta, que tem defici\u00eancia visual cong\u00eanita e, al\u00e9m de se dedicar ao esporte, trabalha como massoterapeuta.<\/p>\n<p>O japon\u00eas Yuta Kawashima, 28, disse que treinar junto da Sele\u00e7\u00e3o Brasileira exige muita concentra\u00e7\u00e3o. \u201cO Brasil \u00e9 muito forte. Se cometemos um pequeno erro, j\u00e1 n\u00e3o temos como vencer. Precisamos praticamente atingir a perfei\u00e7\u00e3o para poder ganhar\u201d.<\/p>\n<p>Yuta contou que, desde os Jogos Paral\u00edmpicos de T\u00f3quio 2020, o interesse pelo goalball cresceu muito no pa\u00eds. O atleta, que ficou cego aos dez anos e aprendeu a jogar na escola, destacou que existem campeonatos em seu pa\u00eds abertos para pessoas sem defici\u00eancia e o esporte \u00e9 assunto frequente nas m\u00eddias sociais.<\/p>\n<p>Jap\u00e3o e Canad\u00e1 estar\u00e3o em quadra no m\u00eas de agosto nos Jogos Mundiais da Federa\u00e7\u00e3o Internacional de Esportes para Cegos (IBSA, na sigla em ingl\u00eas), em Birmingham, Inglaterra. A competi\u00e7\u00e3o ser\u00e1 classificat\u00f3ria para os Jogos Paral\u00edmpicos de Paris 2024. A Sele\u00e7\u00e3o Brasileira j\u00e1 tem vaga assegurada, pois\u00a0<u><\/u><a href=\"https:\/\/www.cpb.org.br\/noticia\/detalhe\/4816\/selecao-brasileira-masculina-vence-a-china-e-se-torna-a-maior-campea-mundial-de-goalball-da-historia\"><u><strong>venceu o Mundial de 2022<\/strong><\/u><\/a>, em Portugal.<\/p>\n<p><span style=\"font-weight: 400;\">Fonte: CPB<\/span><\/p>\n","protected":false},"excerpt":{"rendered":"<p>Doze atletas estrangeiros, das sele\u00e7\u00f5es masculinas do Canad\u00e1 e do Jap\u00e3o, est\u00e3o no Centro de Treinamento Paral\u00edmpico, em S\u00e3o Paulo, para realizar uma semana de interc\u00e2mbio e partidas amistosas com a Sele\u00e7\u00e3o Brasileira, atual\u00a0campe\u00e3 paral\u00edmpica e\u00a0\u00a0tricampe\u00e3 mundial. Os jogadores chegaram no CT na \u00faltima quinta-feira, 29, e ficar\u00e3o concentrados at\u00e9 quinta-feira, 6. A equipe brasileira [&hellip;]<\/p>\n","protected":false},"author":246,"featured_media":215657,"comment_status":"closed","ping_status":"closed","sticky":false,"template":"","format":"standard","meta":{"footnotes":""},"categories":[436,257,439],"tags":[],"class_list":["post-215656","post","type-post","status-publish","format-standard","has-post-thumbnail","hentry","category-destaque-da-semana","category-esporte","category-ultima-hora"],"_links":{"self":[{"href":"https:\/\/diarioregionaldigital.com.br\/index.php?rest_route=\/wp\/v2\/posts\/215656","targetHints":{"allow":["GET"]}}],"collection":[{"href":"https:\/\/diarioregionaldigital.com.br\/index.php?rest_route=\/wp\/v2\/posts"}],"about":[{"href":"https:\/\/diarioregionaldigital.com.br\/index.php?rest_route=\/wp\/v2\/types\/post"}],"author":[{"embeddable":true,"href":"https:\/\/diarioregionaldigital.com.br\/index.php?rest_route=\/wp\/v2\/users\/246"}],"replies":[{"embeddable":true,"href":"https:\/\/diarioregionaldigital.com.br\/index.php?rest_route=%2Fwp%2Fv2%2Fcomments&post=215656"}],"version-history":[{"count":1,"href":"https:\/\/diarioregionaldigital.com.br\/index.php?rest_route=\/wp\/v2\/posts\/215656\/revisions"}],"predecessor-version":[{"id":215658,"href":"https:\/\/diarioregionaldigital.com.br\/index.php?rest_route=\/wp\/v2\/posts\/215656\/revisions\/215658"}],"wp:featuredmedia":[{"embeddable":true,"href":"https:\/\/diarioregionaldigital.com.br\/index.php?rest_route=\/wp\/v2\/media\/215657"}],"wp:attachment":[{"href":"https:\/\/diarioregionaldigital.com.br\/index.php?rest_route=%2Fwp%2Fv2%2Fmedia&parent=215656"}],"wp:term":[{"taxonomy":"category","embeddable":true,"href":"https:\/\/diarioregionaldigital.com.br\/index.php?rest_route=%2Fwp%2Fv2%2Fcategories&post=215656"},{"taxonomy":"post_tag","embeddable":true,"href":"https:\/\/diarioregionaldigital.com.br\/index.php?rest_route=%2Fwp%2Fv2%2Ftags&post=215656"}],"curies":[{"name":"wp","href":"https:\/\/api.w.org\/{rel}","templated":true}]}}