{"id":215650,"date":"2023-07-04T22:40:21","date_gmt":"2023-07-05T01:40:21","guid":{"rendered":"https:\/\/diarioregionaldigital.com.br\/?p=215650"},"modified":"2023-07-04T22:40:21","modified_gmt":"2023-07-05T01:40:21","slug":"selecao-brasileira-desembarca-na-australia-para-copa-do-mundo-feminina","status":"publish","type":"post","link":"https:\/\/diarioregionaldigital.com.br\/?p=215650","title":{"rendered":"Sele\u00e7\u00e3o brasileira desembarca na Austr\u00e1lia para Copa do Mundo Feminina"},"content":{"rendered":"<p>A sele\u00e7\u00e3o brasileira feminina de futebol j\u00e1 est\u00e1 na Austr\u00e1lia, onde estreia daqui a 20 dias na Copa do Mundo, contra o Panam\u00e1. A equipe comandada pela t\u00e9cnica Pia Sundhage desembarcou \u00e0s 18h30 (hor\u00e1rio de Bras\u00edlia), em Brisbane, ap\u00f3s mais de 24 horas de viagem em um voo fretado.<img decoding=\"async\" src=\"https:\/\/agenciabrasil.ebc.com.br\/ebc.png?id=1541957&amp;o=node\" \/><img decoding=\"async\" src=\"https:\/\/agenciabrasil.ebc.com.br\/ebc.gif?id=1541957&amp;o=node\" \/><\/p>\n<p>&#8220;Foi uma viagem muito cansativa. Mas tivemos todo suporte, com atividades no voo, para uma adapta\u00e7\u00e3o ao fuso. Nosso sentimento \u00e9 de quem vai ter muito trabalho para chegar bem e firme no Mundial e, se Deus quiser, sair daqui com o t\u00edtulo&#8221;, projetou a lateral Ant\u00f4nia, em depoimento \u00e0 Confedera\u00e7\u00e3o Brasileira de Futebol.<\/p>\n<p>Do aeroporto, as brasileiras seguiram de \u00f4nibus para Gold Coast, ao sul de Brisbane. \u00a0A equipe ficar\u00e1 de folga hoje e quarta para se recuperar da viagem. O primeiro treino ser\u00e1 na quinta (6), \u00e0s 11h na Austr\u00e1lia \u2013 \u00e0s 22h de quarta no hor\u00e1rio de Bras\u00edlia.<\/p>\n<h2>Abertura da Copa do Mundo<\/h2>\n<p>O Mundial come\u00e7a em 20 de julho (quinta-feira), \u00e0s 4h (hor\u00e1rio de Bras\u00edlia). A sele\u00e7\u00e3o far\u00e1 sua estreia quatro dias depois \u2013 uma segunda-feira \u2013 \u00e0s 8h, contra o Panam\u00e1, na cidade de Adelaide, em jogo pelo grupo E. As demais partidas da primeira fase do Mundial ser\u00e3o contra a Fran\u00e7a, no dia 29 em Brisbane (Austr\u00e1lia), e contra a Jamaica em 2 de agosto.<\/p>\n<p><span style=\"font-weight: 400;\">Fonte: Ag\u00eancia Brasil <\/span><\/p>\n","protected":false},"excerpt":{"rendered":"<p>A sele\u00e7\u00e3o brasileira feminina de futebol j\u00e1 est\u00e1 na Austr\u00e1lia, onde estreia daqui a 20 dias na Copa do Mundo, contra o Panam\u00e1. A equipe comandada pela t\u00e9cnica Pia Sundhage desembarcou \u00e0s 18h30 (hor\u00e1rio de Bras\u00edlia), em Brisbane, ap\u00f3s mais de 24 horas de viagem em um voo fretado. &#8220;Foi uma viagem muito cansativa. Mas [&hellip;]<\/p>\n","protected":false},"author":246,"featured_media":215651,"comment_status":"closed","ping_status":"closed","sticky":false,"template":"","format":"standard","meta":{"footnotes":""},"categories":[436,257,439],"tags":[],"class_list":["post-215650","post","type-post","status-publish","format-standard","has-post-thumbnail","hentry","category-destaque-da-semana","category-esporte","category-ultima-hora"],"_links":{"self":[{"href":"https:\/\/diarioregionaldigital.com.br\/index.php?rest_route=\/wp\/v2\/posts\/215650","targetHints":{"allow":["GET"]}}],"collection":[{"href":"https:\/\/diarioregionaldigital.com.br\/index.php?rest_route=\/wp\/v2\/posts"}],"about":[{"href":"https:\/\/diarioregionaldigital.com.br\/index.php?rest_route=\/wp\/v2\/types\/post"}],"author":[{"embeddable":true,"href":"https:\/\/diarioregionaldigital.com.br\/index.php?rest_route=\/wp\/v2\/users\/246"}],"replies":[{"embeddable":true,"href":"https:\/\/diarioregionaldigital.com.br\/index.php?rest_route=%2Fwp%2Fv2%2Fcomments&post=215650"}],"version-history":[{"count":1,"href":"https:\/\/diarioregionaldigital.com.br\/index.php?rest_route=\/wp\/v2\/posts\/215650\/revisions"}],"predecessor-version":[{"id":215652,"href":"https:\/\/diarioregionaldigital.com.br\/index.php?rest_route=\/wp\/v2\/posts\/215650\/revisions\/215652"}],"wp:featuredmedia":[{"embeddable":true,"href":"https:\/\/diarioregionaldigital.com.br\/index.php?rest_route=\/wp\/v2\/media\/215651"}],"wp:attachment":[{"href":"https:\/\/diarioregionaldigital.com.br\/index.php?rest_route=%2Fwp%2Fv2%2Fmedia&parent=215650"}],"wp:term":[{"taxonomy":"category","embeddable":true,"href":"https:\/\/diarioregionaldigital.com.br\/index.php?rest_route=%2Fwp%2Fv2%2Fcategories&post=215650"},{"taxonomy":"post_tag","embeddable":true,"href":"https:\/\/diarioregionaldigital.com.br\/index.php?rest_route=%2Fwp%2Fv2%2Ftags&post=215650"}],"curies":[{"name":"wp","href":"https:\/\/api.w.org\/{rel}","templated":true}]}}