{"id":215641,"date":"2023-07-04T22:24:53","date_gmt":"2023-07-05T01:24:53","guid":{"rendered":"https:\/\/diarioregionaldigital.com.br\/?p=215641"},"modified":"2023-07-04T22:24:53","modified_gmt":"2023-07-05T01:24:53","slug":"pgr-e-favor-de-separacao-de-bens-em-casamentos-de-maiores-de-70-anos","status":"publish","type":"post","link":"https:\/\/diarioregionaldigital.com.br\/?p=215641","title":{"rendered":"PGR \u00e9 favor de separa\u00e7\u00e3o de bens em casamentos de maiores de 70 anos"},"content":{"rendered":"<p>A Procuradoria-Geral da Rep\u00fablica (PGR) enviou, nesta segunda-feira (3), ao Supremo Tribunal Federal (STF) parecer para garantir o regime de separa\u00e7\u00e3o de bens nos casos de casamento ou uni\u00e3o est\u00e1vel envolvendo idosos maiores de 70 anos.<img decoding=\"async\" src=\"https:\/\/agenciabrasil.ebc.com.br\/ebc.png?id=1541838&amp;o=node\" \/><img decoding=\"async\" src=\"https:\/\/agenciabrasil.ebc.com.br\/ebc.gif?id=1541838&amp;o=node\" \/><\/p>\n<p>O documento foi anexado ao processo no qual a Corte discute a constitucionalidade do artigo 1.641 do C\u00f3digo Civil, dispositivo que obriga a ado\u00e7\u00e3o do regime de separa\u00e7\u00e3o de bens para quem tem mais de 70 anos.<\/p>\n<p>Na avalia\u00e7\u00e3o do procurador-geral, Augusto Aras, a regra \u00e9 constitucional por garantir o direito de propriedade do idoso e de seus herdeiros.<\/p>\n<p>\u201cConsiderando a especial prote\u00e7\u00e3o a ser dada \u00e0 pessoa idosa, \u00e9 constitucionalmente leg\u00edtimo o uso da idade como crit\u00e9rio de diferencia\u00e7\u00e3o entre os indiv\u00edduos ou grupos sociais\u201d, argumentou Aras.<\/p>\n<p>O caso julgado pelo Supremo envolve o recurso de um c\u00f4njuge para entrar na partilha de bens do falecido companheiro. A uni\u00e3o est\u00e1vel foi realizada aos 72 anos. A primeira inst\u00e2ncia da Justi\u00e7a de S\u00e3o Paulo validou a divis\u00e3o da heran\u00e7a, mas o entendimento foi anulado pelas demais inst\u00e2ncias.<\/p>\n<p>O relator do processo \u00e9 o ministro Lu\u00eds Roberto Barroso. A data do julgamento ainda n\u00e3o foi definida.<\/p>\n<p><span style=\"font-weight: 400;\">Fonte: Ag\u00eancia Brasil <\/span><\/p>\n","protected":false},"excerpt":{"rendered":"<p>A Procuradoria-Geral da Rep\u00fablica (PGR) enviou, nesta segunda-feira (3), ao Supremo Tribunal Federal (STF) parecer para garantir o regime de separa\u00e7\u00e3o de bens nos casos de casamento ou uni\u00e3o est\u00e1vel envolvendo idosos maiores de 70 anos. O documento foi anexado ao processo no qual a Corte discute a constitucionalidade do artigo 1.641 do C\u00f3digo Civil, [&hellip;]<\/p>\n","protected":false},"author":246,"featured_media":215642,"comment_status":"closed","ping_status":"closed","sticky":false,"template":"","format":"standard","meta":{"footnotes":""},"categories":[436,254,439],"tags":[],"class_list":["post-215641","post","type-post","status-publish","format-standard","has-post-thumbnail","hentry","category-destaque-da-semana","category-politica","category-ultima-hora"],"_links":{"self":[{"href":"https:\/\/diarioregionaldigital.com.br\/index.php?rest_route=\/wp\/v2\/posts\/215641","targetHints":{"allow":["GET"]}}],"collection":[{"href":"https:\/\/diarioregionaldigital.com.br\/index.php?rest_route=\/wp\/v2\/posts"}],"about":[{"href":"https:\/\/diarioregionaldigital.com.br\/index.php?rest_route=\/wp\/v2\/types\/post"}],"author":[{"embeddable":true,"href":"https:\/\/diarioregionaldigital.com.br\/index.php?rest_route=\/wp\/v2\/users\/246"}],"replies":[{"embeddable":true,"href":"https:\/\/diarioregionaldigital.com.br\/index.php?rest_route=%2Fwp%2Fv2%2Fcomments&post=215641"}],"version-history":[{"count":1,"href":"https:\/\/diarioregionaldigital.com.br\/index.php?rest_route=\/wp\/v2\/posts\/215641\/revisions"}],"predecessor-version":[{"id":215643,"href":"https:\/\/diarioregionaldigital.com.br\/index.php?rest_route=\/wp\/v2\/posts\/215641\/revisions\/215643"}],"wp:featuredmedia":[{"embeddable":true,"href":"https:\/\/diarioregionaldigital.com.br\/index.php?rest_route=\/wp\/v2\/media\/215642"}],"wp:attachment":[{"href":"https:\/\/diarioregionaldigital.com.br\/index.php?rest_route=%2Fwp%2Fv2%2Fmedia&parent=215641"}],"wp:term":[{"taxonomy":"category","embeddable":true,"href":"https:\/\/diarioregionaldigital.com.br\/index.php?rest_route=%2Fwp%2Fv2%2Fcategories&post=215641"},{"taxonomy":"post_tag","embeddable":true,"href":"https:\/\/diarioregionaldigital.com.br\/index.php?rest_route=%2Fwp%2Fv2%2Ftags&post=215641"}],"curies":[{"name":"wp","href":"https:\/\/api.w.org\/{rel}","templated":true}]}}