{"id":215638,"date":"2023-07-04T22:10:44","date_gmt":"2023-07-05T01:10:44","guid":{"rendered":"https:\/\/diarioregionaldigital.com.br\/?p=215638"},"modified":"2023-07-04T22:10:44","modified_gmt":"2023-07-05T01:10:44","slug":"piso-de-enfermeiros-privados-deve-ser-pago-na-falta-de-acordo-coletivo","status":"publish","type":"post","link":"https:\/\/diarioregionaldigital.com.br\/?p=215638","title":{"rendered":"Piso de enfermeiros privados deve ser pago na falta de acordo coletivo"},"content":{"rendered":"<p>O Supremo Tribunal Federal (STF) informou, nesta segunda-feira (3), que o pagamento do piso salarial nacional para os profissionais de enfermagem do setor privado deve ser garantido no caso de falta de acordo entre sindicatos e empresas de sa\u00fade.<img decoding=\"async\" src=\"https:\/\/agenciabrasil.ebc.com.br\/ebc.png?id=1541839&amp;o=node\" \/><img decoding=\"async\" src=\"https:\/\/agenciabrasil.ebc.com.br\/ebc.gif?id=1541839&amp;o=node\" \/><\/p>\n<p>Na sexta-feira (30), a Corte encerrou o julgamento da validade do pagamento do piso. Por maioria de votos, os ministros entenderam que o piso deve ser pago aos profissionais que trabalham no sistema de sa\u00fade de estados e munic\u00edpios nos limites dos valores repassados pelo governo federal.<\/p>\n<p>No entanto, houve impasse na vota\u00e7\u00e3o sobre o pagamento aos profissionais celetistas, que trabalham em hospitais privados, e os ministros estabeleceram o \u201cvoto m\u00e9dio\u201d para resolver a quest\u00e3o.<\/p>\n<p>Segundo a assessoria da Corte, a negocia\u00e7\u00e3o coletiva \u00e9 obrigat\u00f3ria, mas foi estabelecido que o piso dos enfermeiros privados deve ser pago se n\u00e3o houver acordo.<\/p>\n<p>Al\u00e9m disso, ficou definido que o piso vale para carga hor\u00e1ria de 8 horas di\u00e1rias e 44 horas semanais. Dessa forma, se a jornada for diminu\u00edda, o piso tamb\u00e9m ser\u00e1.<\/p>\n<p>As mudan\u00e7as passam a valer no prazo de 60 dias ap\u00f3s a publica\u00e7\u00e3o da ata do julgamento.<\/p>\n<p>O novo piso para enfermeiros contratados sob o regime da Consolida\u00e7\u00e3o das Leis do Trabalho (CLT) \u00e9 de R$ 4.750, conforme definido pela Lei n\u00ba 14.434. T\u00e9cnicos de enfermagem recebem, no m\u00ednimo, 70% desse valor (R$ 3.325) e auxiliares de enfermagem e parteiras, 50% (R$ 2.375). Pela lei, o piso vale para trabalhadores dos setores p\u00fablico e privado.<\/p>\n<p><span style=\"font-weight: 400;\">Fonte: Ag\u00eancia Brasil <\/span><\/p>\n","protected":false},"excerpt":{"rendered":"<p>O Supremo Tribunal Federal (STF) informou, nesta segunda-feira (3), que o pagamento do piso salarial nacional para os profissionais de enfermagem do setor privado deve ser garantido no caso de falta de acordo entre sindicatos e empresas de sa\u00fade. Na sexta-feira (30), a Corte encerrou o julgamento da validade do pagamento do piso. Por maioria [&hellip;]<\/p>\n","protected":false},"author":246,"featured_media":215639,"comment_status":"closed","ping_status":"closed","sticky":false,"template":"","format":"standard","meta":{"footnotes":""},"categories":[436,254,439],"tags":[],"class_list":["post-215638","post","type-post","status-publish","format-standard","has-post-thumbnail","hentry","category-destaque-da-semana","category-politica","category-ultima-hora"],"_links":{"self":[{"href":"https:\/\/diarioregionaldigital.com.br\/index.php?rest_route=\/wp\/v2\/posts\/215638","targetHints":{"allow":["GET"]}}],"collection":[{"href":"https:\/\/diarioregionaldigital.com.br\/index.php?rest_route=\/wp\/v2\/posts"}],"about":[{"href":"https:\/\/diarioregionaldigital.com.br\/index.php?rest_route=\/wp\/v2\/types\/post"}],"author":[{"embeddable":true,"href":"https:\/\/diarioregionaldigital.com.br\/index.php?rest_route=\/wp\/v2\/users\/246"}],"replies":[{"embeddable":true,"href":"https:\/\/diarioregionaldigital.com.br\/index.php?rest_route=%2Fwp%2Fv2%2Fcomments&post=215638"}],"version-history":[{"count":1,"href":"https:\/\/diarioregionaldigital.com.br\/index.php?rest_route=\/wp\/v2\/posts\/215638\/revisions"}],"predecessor-version":[{"id":215640,"href":"https:\/\/diarioregionaldigital.com.br\/index.php?rest_route=\/wp\/v2\/posts\/215638\/revisions\/215640"}],"wp:featuredmedia":[{"embeddable":true,"href":"https:\/\/diarioregionaldigital.com.br\/index.php?rest_route=\/wp\/v2\/media\/215639"}],"wp:attachment":[{"href":"https:\/\/diarioregionaldigital.com.br\/index.php?rest_route=%2Fwp%2Fv2%2Fmedia&parent=215638"}],"wp:term":[{"taxonomy":"category","embeddable":true,"href":"https:\/\/diarioregionaldigital.com.br\/index.php?rest_route=%2Fwp%2Fv2%2Fcategories&post=215638"},{"taxonomy":"post_tag","embeddable":true,"href":"https:\/\/diarioregionaldigital.com.br\/index.php?rest_route=%2Fwp%2Fv2%2Ftags&post=215638"}],"curies":[{"name":"wp","href":"https:\/\/api.w.org\/{rel}","templated":true}]}}