{"id":215632,"date":"2023-07-04T21:56:35","date_gmt":"2023-07-05T00:56:35","guid":{"rendered":"https:\/\/diarioregionaldigital.com.br\/?p=215632"},"modified":"2023-07-04T21:56:35","modified_gmt":"2023-07-05T00:56:35","slug":"vendas-de-veiculos-superam-em-737-o-volume-do-1o-semestre-de-2022","status":"publish","type":"post","link":"https:\/\/diarioregionaldigital.com.br\/?p=215632","title":{"rendered":"Vendas de ve\u00edculos superam em 7,37% o volume do 1\u00ba semestre de 2022"},"content":{"rendered":"<p>O total de autom\u00f3veis emplacados no primeiro semestre deste ano foi de 733.442 unidades, superando em 7,37% o volume da primeira metade de 2022. De acordo com balan\u00e7o da Federa\u00e7\u00e3o Nacional da Distribui\u00e7\u00e3o de Ve\u00edculos Automotores (Fenabrave), divulgado hoje (4), o acumulado do ano passado contabilizava 683.129 unidades desse tipo de ve\u00edculo.<img decoding=\"async\" src=\"https:\/\/agenciabrasil.ebc.com.br\/ebc.png?id=1541953&amp;o=node\" \/><img decoding=\"async\" src=\"https:\/\/agenciabrasil.ebc.com.br\/ebc.gif?id=1541953&amp;o=node\" \/><\/p>\n<p>Quanto a essa categoria de ve\u00edculo, de maio para junho deste ano, houve um aumento de 11,41%, passando 127.478 para 142.017 emplacamentos. Ao se comparar o resultado de junho deste ano com o de 2022, constata-se tamb\u00e9m um crescimento de 6,33%.<\/p>\n<p>No levantamento da entidade, destacam-se duas quedas significativas, quando se confrontam dados de junho de 2022 e junho de 2023. A maior delas, de 28,86%, diz respeito a emplacamentos de caminh\u00f5es. A segunda, de 21,84%, \u00e9 referente aos segmentos de caminh\u00f5es e \u00f4nibus.<\/p>\n<p>Em movimento contr\u00e1rio, est\u00e3o os comerciais leves e as motocicletas. Fazendo-se a mesma compara\u00e7\u00e3o, entre junho do ano passado e deste ano, tiveram varia\u00e7\u00e3o positiva de 18,19% e 16,09%, respectivamente.<\/p>\n<p>Para o presidente da entidade, Andreta J\u00fanior, o incentivo do governo federal fez com que o segmento de autom\u00f3veis &#8220;voltasse a bater o cora\u00e7\u00e3o&#8221;, mas \u00e9 necess\u00e1rio se pensar medidas de forma mais ampla, para que o bom desempenho do setor se sustente. Ele disse ainda que a Fenabrave ir\u00e1 entregar ao governo uma proposta nesse sentido, em breve.<\/p>\n<p><span style=\"font-weight: 400;\">Fonte: Ag\u00eancia Brasil <\/span><\/p>\n","protected":false},"excerpt":{"rendered":"<p>O total de autom\u00f3veis emplacados no primeiro semestre deste ano foi de 733.442 unidades, superando em 7,37% o volume da primeira metade de 2022. De acordo com balan\u00e7o da Federa\u00e7\u00e3o Nacional da Distribui\u00e7\u00e3o de Ve\u00edculos Automotores (Fenabrave), divulgado hoje (4), o acumulado do ano passado contabilizava 683.129 unidades desse tipo de ve\u00edculo. Quanto a essa [&hellip;]<\/p>\n","protected":false},"author":246,"featured_media":215633,"comment_status":"closed","ping_status":"closed","sticky":false,"template":"","format":"standard","meta":{"footnotes":""},"categories":[436,261,439],"tags":[],"class_list":["post-215632","post","type-post","status-publish","format-standard","has-post-thumbnail","hentry","category-destaque-da-semana","category-economia","category-ultima-hora"],"_links":{"self":[{"href":"https:\/\/diarioregionaldigital.com.br\/index.php?rest_route=\/wp\/v2\/posts\/215632","targetHints":{"allow":["GET"]}}],"collection":[{"href":"https:\/\/diarioregionaldigital.com.br\/index.php?rest_route=\/wp\/v2\/posts"}],"about":[{"href":"https:\/\/diarioregionaldigital.com.br\/index.php?rest_route=\/wp\/v2\/types\/post"}],"author":[{"embeddable":true,"href":"https:\/\/diarioregionaldigital.com.br\/index.php?rest_route=\/wp\/v2\/users\/246"}],"replies":[{"embeddable":true,"href":"https:\/\/diarioregionaldigital.com.br\/index.php?rest_route=%2Fwp%2Fv2%2Fcomments&post=215632"}],"version-history":[{"count":1,"href":"https:\/\/diarioregionaldigital.com.br\/index.php?rest_route=\/wp\/v2\/posts\/215632\/revisions"}],"predecessor-version":[{"id":215634,"href":"https:\/\/diarioregionaldigital.com.br\/index.php?rest_route=\/wp\/v2\/posts\/215632\/revisions\/215634"}],"wp:featuredmedia":[{"embeddable":true,"href":"https:\/\/diarioregionaldigital.com.br\/index.php?rest_route=\/wp\/v2\/media\/215633"}],"wp:attachment":[{"href":"https:\/\/diarioregionaldigital.com.br\/index.php?rest_route=%2Fwp%2Fv2%2Fmedia&parent=215632"}],"wp:term":[{"taxonomy":"category","embeddable":true,"href":"https:\/\/diarioregionaldigital.com.br\/index.php?rest_route=%2Fwp%2Fv2%2Fcategories&post=215632"},{"taxonomy":"post_tag","embeddable":true,"href":"https:\/\/diarioregionaldigital.com.br\/index.php?rest_route=%2Fwp%2Fv2%2Ftags&post=215632"}],"curies":[{"name":"wp","href":"https:\/\/api.w.org\/{rel}","templated":true}]}}