{"id":215629,"date":"2023-07-04T21:54:19","date_gmt":"2023-07-05T00:54:19","guid":{"rendered":"https:\/\/diarioregionaldigital.com.br\/?p=215629"},"modified":"2023-07-04T21:54:19","modified_gmt":"2023-07-05T00:54:19","slug":"comissao-do-senado-aprova-indicados-para-diretorias-do-banco-central","status":"publish","type":"post","link":"https:\/\/diarioregionaldigital.com.br\/?p=215629","title":{"rendered":"Comiss\u00e3o do Senado aprova indicados para diretorias do Banco Central"},"content":{"rendered":"<p>A Comiss\u00e3o de Assuntos Econ\u00f4micos (CAE) do Senado aprovou, nesta ter\u00e7a-feira (4), a indica\u00e7\u00e3o Gabriel Gal\u00edpolo e Ailton de Aquino Santos para diretorias do Banco Central. Os dois foram indicados pelo presidente Luiz In\u00e1cio Lula da Silva, respectivamente, para os cargos de diretor de Pol\u00edtica Monet\u00e1ria e de Fiscaliza\u00e7\u00e3o do banco.<img decoding=\"async\" src=\"https:\/\/agenciabrasil.ebc.com.br\/ebc.png?id=1541963&amp;o=node\" \/><img decoding=\"async\" src=\"https:\/\/agenciabrasil.ebc.com.br\/ebc.gif?id=1541963&amp;o=node\" \/><\/p>\n<p>Gal\u00edpolo foi aprovado por 23 votos a 2 e Aquino Santos por 24 a 1. Os nomes dos dois candidatos seguem para vota\u00e7\u00e3o no plen\u00e1rio do Senado, ao qual cabe a palavra final sobre as indica\u00e7\u00f5es.<\/p>\n<p>Formado em ci\u00eancias econ\u00f4micas, Gal\u00edpolo exercia a fun\u00e7\u00e3o de secret\u00e1rio executivo do Minist\u00e9rio da Fazenda. Durante a sabatina, ele disse que est\u00e1 aberto ao di\u00e1logo e ter\u00e1 como desafio conciliar as pol\u00edticas monet\u00e1ria e fiscal.<\/p>\n<p>Gal\u00edpolo listou uma s\u00e9rie de medidas adotadas pelo minist\u00e9rio, como a elabora\u00e7\u00e3o do novo arcabou\u00e7o fiscal e solu\u00e7\u00f5es para redu\u00e7\u00e3o do d\u00e9ficit prim\u00e1rio, e disse que estas gerariam melhoria significativa do ambiente econ\u00f4mico e afastariam teses como a de que &#8220;o povo n\u00e3o cabe no Or\u00e7amento\u201d da Uni\u00e3o e de que n\u00e3o cabe a um economista &#8220;impor o que ele entende ser o destino econ\u00f4mico&#8221; do pa\u00eds, sem considerar a &#8220;vontade democr\u00e1tica&#8221; dos representantes eleitos.<\/p>\n<p>\u201cDurante muito tempo, acho que n\u00f3s, economistas, utilizamos a necessidade da discuss\u00e3o t\u00e9cnica para tentar interditar o debate econ\u00f4mico ou da economia como um espa\u00e7o para a vontade democr\u00e1tica ou para o debate p\u00fablico. N\u00e3o cabe a nenhum economista, por mais excel\u00eancia que ele tenha, impor o que entende ser o destino econ\u00f4mico do pa\u00eds \u00e0 revelia da vontade democr\u00e1tica e dos seus representantes eleitos\u201d, afirmou.<\/p>\n<p>Gal\u00edpolo tamb\u00e9m falou sobre a proposta de cria\u00e7\u00e3o de uma moeda comum para o Mercosul e disse aos senadores que esta n\u00e3o visa substituir moedas nacionais, mas facilitar as rela\u00e7\u00f5es de livre com\u00e9rcio e intera\u00e7\u00e3o econ\u00f4mica entre os pa\u00edses do bloco.<\/p>\n<p>N\u00e3o se trata da ideia de uma moeda para substituir as moedas nacionais, mas, sim, de uma unidade de conta e do meio de pagamento que permita garantir a viabilidade e facilitar a rela\u00e7\u00e3o entre esses pa\u00edses, explicou.<\/p>\n<h2>Fiscaliza\u00e7\u00e3o<\/h2>\n<p>Ao ser sabatinado, Ailton Santos citou o desafio de supervisionar as mais de 1.500 institui\u00e7\u00f5es financeiras do pa\u00eds e disse que manter a qualidade do trabalho exige recursos materiais, mas principalmente recursos humanos, ou seja, servidores altamente capacitados. Segundo Santos, que \u00e9 funcion\u00e1rio de carreira do banco, a \u00e1rea de fiscaliza\u00e7\u00e3o do BC vem sofrendo um processo de encolhimento nos \u00faltimos 10 anos.<\/p>\n<p>\u201cNesse per\u00edodo, o n\u00famero de institui\u00e7\u00f5es aumentou em 15%, os ativos do sistema financeiro aumentaram 255 em termos reais, os produtos financeiros ficaram significativamente mais complexos e novas atribui\u00e7\u00f5es foram delegadas ao Banco Central. N\u00e3o houve aumento do quadro de servidores. Pelo contr\u00e1rio, h\u00e1 10 anos, t\u00ednhamos na \u00e1rea de supervis\u00e3o 1.100 servidores, hoje [o n\u00famero] n\u00e3o chega a 650. Quase um ter\u00e7o destes podem se aposentar ou est\u00e3o aptos a se aposentar no pr\u00f3ximo ano. A m\u00e9dia de idade da \u00e1rea de supervis\u00e3o gira em torno de 50 anos, padr\u00e3o no restante do Banco Central&#8221;, disse.<\/p>\n<p>Santos ressaltou que, ao mesmo tempo, est\u00e3o sendo enfrentadas graves assimetrias entre a remunera\u00e7\u00e3o dos servidores do BC e os demais cargos da administra\u00e7\u00e3o p\u00fablica similares aos da institui\u00e7\u00e3o. \u201cEnfraquece a casa\u201d, enfatizou.<\/p>\n<p>Ele citou ainda as recentes crises banc\u00e1rias nos Estados Unidos, com o Silicon Valley Bank e o Signature Bank, e na Europa, com o banco su\u00ed\u00e7o Credit Suisse, para defender um papel de lideran\u00e7a do BC na supervis\u00e3o do sistema financeiro internacional.<\/p>\n<p>\u201cO Brasil, nesse campo, tem plenas condi\u00e7\u00f5es de manter-se como lideran\u00e7a, inclusive com participa\u00e7\u00e3o efetiva nos processos de regula\u00e7\u00e3o e supervis\u00e3o dos mercados financeiros globais, cada vez mais complexos e integrados e interdependentes\u201d, acrescentou.<\/p>\n<p>Apesar deste cen\u00e1rio externo, Santos destacou que as medidas adotadas pelo governo t\u00eam gerado um ambiente positivo, que j\u00e1 aparece nas proje\u00e7\u00f5es do mercado financeiro, como as do boletim Focus.<\/p>\n<p>Ontem (3), o mercado financeiro\u00a0<a href=\"https:\/\/agenciabrasil.ebc.com.br\/economia\/noticia\/2023-07\/mercado-financeiro-eleva-projecao-de-crescimento-para-219-em-2023\" target=\"_blank\" rel=\"noopener\">aumentou\u00a0<\/a>a previs\u00e3o de crescimento do Produto Interno Bruto (PIB, soma de todos os bens e servi\u00e7os produzidos no pa\u00eds) para este ano pela oitava vez. Segundo proje\u00e7\u00e3o do Boletim Focus, o pa\u00eds crescer\u00e1 2,19% em 2023. H\u00e1 uma semana, a previs\u00e3o era de crescimento de 2,18%. Para o pr\u00f3ximo ano, tamb\u00e9m houve aumento na previs\u00e3o do PIB para 1,28%, ante os 1,22% da semana passada.<\/p>\n<p>Para a infla\u00e7\u00e3o, o boletim manteve a tend\u00eancia de recuo pela s\u00e9tima semana consecutiva. De acordo com o boletim, o \u00cdndice de Pre\u00e7os ao Consumidor Amplo (IPCA) dever\u00e1 fechar o ano em 4,98%. H\u00e1 uma semana, a proje\u00e7\u00e3o do mercado era de que a infla\u00e7\u00e3o ficasse em 5,06%%. em 2023. H\u00e1 quatro semanas, a previs\u00e3o era de 5,69%.<\/p>\n<p>\u201cEsses movimentos demonstram o grau de confian\u00e7a dos agentes econ\u00f4micos e da popula\u00e7\u00e3o na gest\u00e3o econ\u00f4mica do atual governo. Estou confiante que estamos entrando no c\u00edrculo virtuoso e que o Banco Central contribuir\u00e1 na consolida\u00e7\u00e3o de um cen\u00e1rio mais alvissareiro na economia e na sociedade como um todo\u201d, afirmou.<\/p>\n<p><span style=\"font-weight: 400;\">Fonte: Ag\u00eancia Brasil <\/span><\/p>\n","protected":false},"excerpt":{"rendered":"<p>A Comiss\u00e3o de Assuntos Econ\u00f4micos (CAE) do Senado aprovou, nesta ter\u00e7a-feira (4), a indica\u00e7\u00e3o Gabriel Gal\u00edpolo e Ailton de Aquino Santos para diretorias do Banco Central. Os dois foram indicados pelo presidente Luiz In\u00e1cio Lula da Silva, respectivamente, para os cargos de diretor de Pol\u00edtica Monet\u00e1ria e de Fiscaliza\u00e7\u00e3o do banco. Gal\u00edpolo foi aprovado por [&hellip;]<\/p>\n","protected":false},"author":246,"featured_media":215630,"comment_status":"closed","ping_status":"closed","sticky":false,"template":"","format":"standard","meta":{"footnotes":""},"categories":[436,261,439],"tags":[],"class_list":["post-215629","post","type-post","status-publish","format-standard","has-post-thumbnail","hentry","category-destaque-da-semana","category-economia","category-ultima-hora"],"_links":{"self":[{"href":"https:\/\/diarioregionaldigital.com.br\/index.php?rest_route=\/wp\/v2\/posts\/215629","targetHints":{"allow":["GET"]}}],"collection":[{"href":"https:\/\/diarioregionaldigital.com.br\/index.php?rest_route=\/wp\/v2\/posts"}],"about":[{"href":"https:\/\/diarioregionaldigital.com.br\/index.php?rest_route=\/wp\/v2\/types\/post"}],"author":[{"embeddable":true,"href":"https:\/\/diarioregionaldigital.com.br\/index.php?rest_route=\/wp\/v2\/users\/246"}],"replies":[{"embeddable":true,"href":"https:\/\/diarioregionaldigital.com.br\/index.php?rest_route=%2Fwp%2Fv2%2Fcomments&post=215629"}],"version-history":[{"count":1,"href":"https:\/\/diarioregionaldigital.com.br\/index.php?rest_route=\/wp\/v2\/posts\/215629\/revisions"}],"predecessor-version":[{"id":215631,"href":"https:\/\/diarioregionaldigital.com.br\/index.php?rest_route=\/wp\/v2\/posts\/215629\/revisions\/215631"}],"wp:featuredmedia":[{"embeddable":true,"href":"https:\/\/diarioregionaldigital.com.br\/index.php?rest_route=\/wp\/v2\/media\/215630"}],"wp:attachment":[{"href":"https:\/\/diarioregionaldigital.com.br\/index.php?rest_route=%2Fwp%2Fv2%2Fmedia&parent=215629"}],"wp:term":[{"taxonomy":"category","embeddable":true,"href":"https:\/\/diarioregionaldigital.com.br\/index.php?rest_route=%2Fwp%2Fv2%2Fcategories&post=215629"},{"taxonomy":"post_tag","embeddable":true,"href":"https:\/\/diarioregionaldigital.com.br\/index.php?rest_route=%2Fwp%2Fv2%2Ftags&post=215629"}],"curies":[{"name":"wp","href":"https:\/\/api.w.org\/{rel}","templated":true}]}}