{"id":215623,"date":"2023-07-04T21:49:40","date_gmt":"2023-07-05T00:49:40","guid":{"rendered":"https:\/\/diarioregionaldigital.com.br\/?p=215623"},"modified":"2023-07-04T21:49:40","modified_gmt":"2023-07-05T00:49:40","slug":"plenario-do-senado-aprova-novos-diretores-do-banco-central","status":"publish","type":"post","link":"https:\/\/diarioregionaldigital.com.br\/?p=215623","title":{"rendered":"Plen\u00e1rio do Senado aprova novos diretores do Banco Central"},"content":{"rendered":"<p>O plen\u00e1rio do Senado aprovou no in\u00edcio da noite desta ter\u00e7a-feira (4)\u00a0as indica\u00e7\u00f5es de Gabriel Gal\u00edpolo e de Ailton Aquino para diretorias do Banco Central (BC). Futuro diretor de Pol\u00edtica Monet\u00e1ria, Gal\u00edpolo\u00a0teve 39 votos a favor e 12 contra. Indicado para a Diretoria de Fiscaliza\u00e7\u00e3o, Aquino recebeu 42 votos a favor e 10 contr\u00e1rios. Nas duas vota\u00e7\u00f5es houve uma absten\u00e7\u00e3o.<img decoding=\"async\" src=\"https:\/\/agenciabrasil.ebc.com.br\/ebc.png?id=1542003&amp;o=node\" \/><img decoding=\"async\" src=\"https:\/\/agenciabrasil.ebc.com.br\/ebc.gif?id=1542003&amp;o=node\" \/><\/p>\n<p>Os nomes tinham sido\u00a0<a href=\"https:\/\/agenciabrasil.ebc.com.br\/economia\/noticia\/2023-07\/comissao-do-senado-aprova-indicados-para-diretorias-do-banco-central\" target=\"_blank\" rel=\"noopener\">aprovados mais cedo<\/a>\u00a0pela Comiss\u00e3o de Assuntos Econ\u00f4micos (CAE) do Senado, que sabatinou os dois indicados. Gal\u00edpolo e Aquino s\u00e3o os primeiros diretores indicados pelo presidente Luiz In\u00e1cio Lula da Silva.<\/p>\n<p>A posse dos dois novos diretores ainda depende de procedimentos formais. Primeiramente, o Senado ter\u00e1 de enviar um comunicado \u00e0 Presid\u00eancia da Rep\u00fablica informando a aprova\u00e7\u00e3o. Em seguida, as nomea\u00e7\u00f5es ser\u00e3o publicadas no Di\u00e1rio Oficial da Uni\u00e3o para, s\u00f3 ent\u00e3o, o BC marcar a solenidade de posse.<\/p>\n<p>Os dois novos diretores, os primeiros a serem indicados pelo atual governo, participar\u00e3o da pr\u00f3xima reuni\u00e3o do Comit\u00ea de Pol\u00edtica Monet\u00e1ria (Copom), na primeira semana de agosto. Originalmente, a sabatina e a vota\u00e7\u00e3o em plen\u00e1rio ocorreriam no \u00faltimo dia 27, mas foram adiadas em uma semana.<\/p>\n<h2>Sabatina<\/h2>\n<p>Durante a sabatina, Gal\u00edpolo defendeu a atual agenda de reformas econ\u00f4micas, como o novo arcabou\u00e7o fiscal e a reforma tribut\u00e1ria, e disse que a melhor solu\u00e7\u00e3o para controlar a d\u00edvida p\u00fablica brasileira consiste em fazer a economia crescer mais. Esse caminho, declarou, aumentaria o Produto Interno Bruto (PIB) potencial, produ\u00e7\u00e3o m\u00e1xima que n\u00e3o faz crescer a infla\u00e7\u00e3o, e reduziria os juros de equil\u00edbrio, taxa necess\u00e1ria para segurar os pre\u00e7os e n\u00e3o estimular nem desestimular a atividade econ\u00f4mica.<\/p>\n<blockquote><p>\u201cSe a gente seguir com premissas de um crescimento potencial de 1,5% ou 1,6% e uma taxa de juros neutra de 4,5%, por mais sofisticados que sejam os modelos dos economistas, a rela\u00e7\u00e3o d\u00edvida [p\u00fablica]\/PIB n\u00e3o vai apresentar um bom comportamento. A \u00fanica solu\u00e7\u00e3o, como tamb\u00e9m disse Roberto Campos Neto [presidente do BC], \u00e9 crescer, e para crescer \u00e9 preciso seguir com a agenda econ\u00f4mica enfrentada agora\u201d, declarou Gal\u00edpolo no in\u00edcio da sabatina.<\/p><\/blockquote>\n<p>Sobre as cr\u00edticas do presidente Luiz In\u00e1cio Lula da Silva e do ministro da Fazenda, Fernando Haddad, aos juros b\u00e1sicos atuais, de 13,75% ao ano, o futuro diretor afirmou que o debate p\u00fablico n\u00e3o pode ser interditado. Para Gal\u00edpolo, \u00e9 necess\u00e1ria uma discuss\u00e3o sobre os movimentos da economia, tanto na esfera t\u00e9cnica como na esfera pol\u00edtica. \u201c<\/p>\n<p>\u201cN\u00e3o cabe a nenhum economista, por mais excel\u00eancia que tenha, impor o que ele entende ser o destino econ\u00f4mico do pa\u00eds \u00e0 revelia da vontade democr\u00e1tica e dos seus representantes eleitos, que s\u00e3o os senhores [senadores]\u201d, comentou Gal\u00edpolo.<\/p>\n<div class=\"dnd-widget-wrapper context-cheio_8colunas type-image\">\n<div class=\"dnd-atom-rendered\">\n<div class=\"shadow overflow-hidden rounded-lg d-block zoom-on-hover-sm shadow-hover w-100\"><img decoding=\"async\" class=\"flex-fill img-cover\" title=\"Lula Marques\/ Ag\u00eancia Brasil\" src=\"https:\/\/imagens.ebc.com.br\/8shUtn8XFgr3WyGRNMBjCgJKCd8=\/754x0\/smart\/https:\/\/agenciabrasil.ebc.com.br\/sites\/default\/files\/thumbnails\/image\/lula2672-20.jpg?itok=FWsGZ0rL\" alt=\"Bras\u00edlia (DF) 04\/07\/2023  Sabatina dos economistas Gabriel Muricca Gal\u00edpolo e Ailton de Aquino Santos, na comiss\u00e3o de Assuntos Econ\u00f4micos (CAE) do Senado. Foto Lula Marques\/ Ag\u00eancia Brasil.\" \/><\/div>\n<\/div>\n<div class=\"dnd-caption-wrapper\">\n<h6 class=\"meta\">Gabriel Muricca Gal\u00edpolo durante sabatina na comiss\u00e3o de Assuntos Econ\u00f4micos do Senado-\u00a0<strong>Lula Marques\/ Ag\u00eancia Brasil<\/strong><\/h6>\n<\/div>\n<\/div>\n<p>Servidor de carreira do BC e primeiro negro a ocupar um cargo de diretor no \u00f3rg\u00e3o, Aquino disse estar comprometido com os objetivos da autoridade monet\u00e1ria, que consiste em garantir a estabilidade de pre\u00e7os, a seguran\u00e7a do sistema financeiro, a redu\u00e7\u00e3o da volatilidade na economia e o fomento ao pleno emprego (taxa em que o mercado de trabalho tem o m\u00ednimo de desemprego poss\u00edvel).<\/p>\n<p>O novo diretor de Fiscaliza\u00e7\u00e3o tamb\u00e9m afirmou estar otimista com a economia brasileira, destacando a queda nas expectativas de infla\u00e7\u00e3o e os\u00a0<a href=\"https:\/\/agenciabrasil.ebc.com.br\/economia\/noticia\/2023-07\/fazenda-elevara-projecao-de-crescimento-do-pib-para-25-3\" target=\"_blank\" rel=\"noopener\">aumentos recentes nas estimativas<\/a>\u00a0de crescimento do PIB em 2023.<\/p>\n<h2>Perfil dos indicados<\/h2>\n<p>Gal\u00edpolo substituir\u00e1 o ex-diretor Bruno Serra Fernandes,\u00a0<a href=\"https:\/\/agenciabrasil.ebc.com.br\/economia\/noticia\/2023-03\/bruno-serra-deixa-diretoria-de-politica-monetaria-do-banco-central\" target=\"_blank\" rel=\"noopener\">exonerado no fim de mar\u00e7o<\/a>. At\u00e9 agora, o diretor de Pol\u00edtica Econ\u00f4mica, Diogo Guillem, acumulava a Diretoria de Pol\u00edtica Monet\u00e1ria.<\/p>\n<p>Ailton Aquino dos Santos entrar\u00e1 no lugar de Paulo S\u00e9rgio Neves de Souza. Desde mar\u00e7o, Souza ocupa interinamente a diretoria de Fiscaliza\u00e7\u00e3o at\u00e9 a posse do novo diretor.<\/p>\n<p>Exonerado\u00a0<a href=\"https:\/\/agenciabrasil.ebc.com.br\/economia\/noticia\/2023-06\/indicado-para-bc-galipolo-e-exonerado-do-ministerio-da-fazenda\" target=\"_blank\" rel=\"noopener\">h\u00e1 duas semanas<\/a>\u00a0da Secretaria-Executivo do Minist\u00e9rio da Fazenda, Gal\u00edpolo foi o segundo nome da pasta abaixo do ministro Haddad de janeiro a junho. Ex-secret\u00e1rio de Economia e de Transportes do governo estadual de S\u00e3o Paulo, o novo diretor de Pol\u00edtica Monet\u00e1ria tamb\u00e9m trabalhou na Federa\u00e7\u00e3o das Ind\u00fastrias do Estado de S\u00e3o Paulo (Fiesp), no Centro Brasileiro de Rela\u00e7\u00f5es Internacionais e no Banco Fator.<\/p>\n<p>Servidor de carreira do BC desde 1998, Ailton Aquino Santos passou por diversos departamentos dentro da institui\u00e7\u00e3o, onde chegou a ser auditor-chefe. Tradicionalmente, a Diretoria de Fiscaliza\u00e7\u00e3o \u00e9 concedida a um servidor do quadro do \u00f3rg\u00e3o.<\/p>\n<div class=\"dnd-widget-wrapper context-cheio_8colunas type-image\">\n<div class=\"dnd-atom-rendered\">\n<div class=\"shadow overflow-hidden rounded-lg d-block zoom-on-hover-sm shadow-hover w-100\"><img decoding=\"async\" class=\"flex-fill img-cover\" title=\"Lula Marques\/ Ag\u00eancia Brasil\" src=\"https:\/\/imagens.ebc.com.br\/aWiOZ9LV603mWxmqX8dP8ZWToVA=\/754x0\/smart\/https:\/\/agenciabrasil.ebc.com.br\/sites\/default\/files\/thumbnails\/image\/lula2773-23.jpg?itok=EY6wv8cH\" alt=\"Bras\u00edlia (DF) 04\/07\/2023  Sabatina dos economistas Gabriel Muricca Gal\u00edpolo e Ailton de Aquino Santos, na comiss\u00e3o de Assuntos Econ\u00f4micos (CAE) do Senado. Foto Lula Marques\/ Ag\u00eancia Brasil.\" \/><\/div>\n<\/div>\n<div class=\"dnd-caption-wrapper\">\n<h6 class=\"meta\">\u00a0Ailton de Aquino Santos durante sabatina\u00a0na comiss\u00e3o de Assuntos Econ\u00f4micos. &#8211;\u00a0<strong>Lula Marques\/ Ag\u00eancia Brasil<\/strong><\/h6>\n<\/div>\n<\/div>\n<h2>Mandatos<\/h2>\n<p>A Diretoria Colegiada do Banco Central \u00e9 composta pelo presidente e mais oito diretores. Conforme a\u00a0<a href=\"https:\/\/www.in.gov.br\/en\/web\/dou\/-\/lei-complementar-n-179-de-24-de-fevereiro-de-2021-305277273\" target=\"_blank\" rel=\"noopener\">Lei Complementar n\u00ba 179 de 2021<\/a>, que estabeleceu a autonomia do Banco Central, os mandatos s\u00e3o fixos e t\u00eam dura\u00e7\u00e3o de quatro anos, podendo ser renovados por apenas uma vez. No caso de Gal\u00edpolo e Aquino, os mandatos v\u00e3o at\u00e9 2027, podendo chegar a 2031.<\/p>\n<p>Os mandatos do presidente do BC e de dois diretores t\u00eam in\u00edcio no dia 1\u00ba de janeiro do terceiro ano de mandato do presidente da Rep\u00fablica. Dois diretores assumem em 1\u00ba de mar\u00e7o do primeiro ano de mandato do presidente, dois em 1\u00ba de janeiro do segundo ano de mandato e, por fim, dois em 1\u00ba de janeiro do quarto ano de mandato.<\/p>\n<h2>Dnit<\/h2>\n<p>O plen\u00e1rio do Senado vota nesta quarta-feira (5), a partir das 16h, em regime de urg\u00eancia, a indica\u00e7\u00e3o de quatro novos diretores do Departamento Nacional de Infraestrutura de Transportes (Dnit), cujos nomes foram aprovados mais cedo pela Comiss\u00e3o de Infraestrutura da Casa.<\/p>\n<p>Al\u00e9m do novo diretor-geral do Dnit, Fabricio de Oliveira Galv\u00e3o, o plen\u00e1rio votar\u00e1 a indica\u00e7\u00e3o do diretor-executivo, Carlos Antonio Rocha de Barros; e dos diretores de Infraestrutura Ferrovi\u00e1ria, Jos\u00e9 Eduardo Guidi; e de Infraestrutura Rodovi\u00e1ria, Fabio Pessoa da Silva Nunes.<\/p>\n<p><span style=\"font-weight: 400;\"><br \/>\n<\/span><span style=\"font-weight: 400;\">Fonte: Ag\u00eancia Brasil <\/span><\/p>\n","protected":false},"excerpt":{"rendered":"<p>O plen\u00e1rio do Senado aprovou no in\u00edcio da noite desta ter\u00e7a-feira (4)\u00a0as indica\u00e7\u00f5es de Gabriel Gal\u00edpolo e de Ailton Aquino para diretorias do Banco Central (BC). Futuro diretor de Pol\u00edtica Monet\u00e1ria, Gal\u00edpolo\u00a0teve 39 votos a favor e 12 contra. Indicado para a Diretoria de Fiscaliza\u00e7\u00e3o, Aquino recebeu 42 votos a favor e 10 contr\u00e1rios. Nas [&hellip;]<\/p>\n","protected":false},"author":246,"featured_media":215624,"comment_status":"closed","ping_status":"closed","sticky":false,"template":"","format":"standard","meta":{"footnotes":""},"categories":[436,261,439],"tags":[],"class_list":["post-215623","post","type-post","status-publish","format-standard","has-post-thumbnail","hentry","category-destaque-da-semana","category-economia","category-ultima-hora"],"_links":{"self":[{"href":"https:\/\/diarioregionaldigital.com.br\/index.php?rest_route=\/wp\/v2\/posts\/215623","targetHints":{"allow":["GET"]}}],"collection":[{"href":"https:\/\/diarioregionaldigital.com.br\/index.php?rest_route=\/wp\/v2\/posts"}],"about":[{"href":"https:\/\/diarioregionaldigital.com.br\/index.php?rest_route=\/wp\/v2\/types\/post"}],"author":[{"embeddable":true,"href":"https:\/\/diarioregionaldigital.com.br\/index.php?rest_route=\/wp\/v2\/users\/246"}],"replies":[{"embeddable":true,"href":"https:\/\/diarioregionaldigital.com.br\/index.php?rest_route=%2Fwp%2Fv2%2Fcomments&post=215623"}],"version-history":[{"count":1,"href":"https:\/\/diarioregionaldigital.com.br\/index.php?rest_route=\/wp\/v2\/posts\/215623\/revisions"}],"predecessor-version":[{"id":215625,"href":"https:\/\/diarioregionaldigital.com.br\/index.php?rest_route=\/wp\/v2\/posts\/215623\/revisions\/215625"}],"wp:featuredmedia":[{"embeddable":true,"href":"https:\/\/diarioregionaldigital.com.br\/index.php?rest_route=\/wp\/v2\/media\/215624"}],"wp:attachment":[{"href":"https:\/\/diarioregionaldigital.com.br\/index.php?rest_route=%2Fwp%2Fv2%2Fmedia&parent=215623"}],"wp:term":[{"taxonomy":"category","embeddable":true,"href":"https:\/\/diarioregionaldigital.com.br\/index.php?rest_route=%2Fwp%2Fv2%2Fcategories&post=215623"},{"taxonomy":"post_tag","embeddable":true,"href":"https:\/\/diarioregionaldigital.com.br\/index.php?rest_route=%2Fwp%2Fv2%2Ftags&post=215623"}],"curies":[{"name":"wp","href":"https:\/\/api.w.org\/{rel}","templated":true}]}}