{"id":215616,"date":"2023-07-03T21:54:50","date_gmt":"2023-07-04T00:54:50","guid":{"rendered":"https:\/\/diarioregionaldigital.com.br\/?p=215616"},"modified":"2023-07-03T21:54:50","modified_gmt":"2023-07-04T00:54:50","slug":"procon-apreendeu-mais-de-280-quilos-de-alimentos-improprios-para-o-consumo-no-ultimo-mes","status":"publish","type":"post","link":"https:\/\/diarioregionaldigital.com.br\/?p=215616","title":{"rendered":"Procon apreendeu mais de 280 quilos de alimentos impr\u00f3prios para o consumo no \u00faltimo m\u00eas"},"content":{"rendered":"<p>Segundo informa\u00e7\u00f5es do site da Prefeitura de Juiz de Fora (PJF), a Ag\u00eancia de Prote\u00e7\u00e3o e Defesa do Consumidor (Procon) da Prefeitura de Juiz de Fora (PJF) divulgou nesta segunda-feira, 3, o relat\u00f3rio das fiscaliza\u00e7\u00f5es realizadas em junho. Neste per\u00edodo, foram 109 vistorias. O objetivo das a\u00e7\u00f5es de fiscaliza\u00e7\u00e3o \u00e9 garantir equil\u00edbrio nas rela\u00e7\u00f5es de consumo.<\/p>\n<div id=\"box_texto_noticia\">\n<p>&nbsp;<\/p>\n<p>Em junho, foram realizadas 109 vistorias, incluindo um supermercado na Avenida Oleg\u00e1rio Maciel. Esse estabelecimento recebeu tr\u00eas autos de infra\u00e7\u00e3o e um de apreens\u00e3o. Foram apreendidos 287,86 kg de alimentos impr\u00f3prios, totalizando 75 itens entre bebidas, frios, produtos l\u00e1cteos, carnes in natura, entre outros. Apenas de carne su\u00edna in natura foram apreendidos 119 kg.<\/p>\n<p>Durante as a\u00e7\u00f5es de rotina, o Procon apura estabelecimentos com diversas infra\u00e7\u00f5es. O n\u00e3o cumprimento das normas de consumo, falta de alvar\u00e1s pertinentes \u00e0 atividade, produtos impr\u00f3prios para consumo, alimentos fora da validade, embalagens danificadas e produtos mal acondicionados, s\u00e3o motivos das empresas receberem notifica\u00e7\u00e3o para regularizar. Tais infra\u00e7\u00f5es causam a autua\u00e7\u00e3o da empresa atrav\u00e9s da instaura\u00e7\u00e3o de um processo administrativo junto ao Departamento de Apura\u00e7\u00e3o de Pr\u00e1ticas Infrativas (Dapi).<br \/>\nA import\u00e2ncia dessa a\u00e7\u00e3o \u00e9 orientar os fornecedores quanto a necessidade de se adequar \u00e0s normas consumeristas e sanit\u00e1rias. A superintendente do Procon de Juiz de Fora, Tainah Marrazzo, explica sobre o papel instrutivo do Procon. \u201cExiste um trabalho de vigil\u00e2ncia constante que repercute ap\u00f3s as a\u00e7\u00f5es. Quando o fiscal retorna ao estabelecimento \u00e9 verificado se as normas est\u00e3o sendo cumpridas. H\u00e1 uma diminui\u00e7\u00e3o na apreens\u00e3o de produtos, os alimentos j\u00e1 se encontram dentro da validade, adequados para o consumo e as condi\u00e7\u00f5es sanit\u00e1rias tornam-se apropriadas. Essa a\u00e7\u00e3o s\u00f3 funciona em conjunto com o Departamento de Vigil\u00e2ncia Sanit\u00e1ria e a Fiscaliza\u00e7\u00e3o de Posturas do munic\u00edpio e, tamb\u00e9m, outras secretarias, para an\u00e1lise global dos estabelecimentos.\u201d, destaca.<\/p>\n<p>Caso o consumidor note alguma infra\u00e7\u00e3o nas condi\u00e7\u00f5es de seguran\u00e7a dos alimentos ou pr\u00e1ticas de pre\u00e7os abusivos, o Procon orienta que o consumidor realize uma den\u00fancia no n\u00famero (32) 3690-7984,\u00a0no site Prefeitura \u00c1gil ou, presencialmente, com agendamento pr\u00e9vio atrav\u00e9s dos n\u00fameros (32) 3690-7610 ou (32) 3690-7611.<\/p>\n<div><\/div>\n<\/div>\n<p>&nbsp;<\/p>\n<div id=\"box_compartilhar\" align=\"right\"><\/div>\n","protected":false},"excerpt":{"rendered":"<p>Segundo informa\u00e7\u00f5es do site da Prefeitura de Juiz de Fora (PJF), a Ag\u00eancia de Prote\u00e7\u00e3o e Defesa do Consumidor (Procon) da Prefeitura de Juiz de Fora (PJF) divulgou nesta segunda-feira, 3, o relat\u00f3rio das fiscaliza\u00e7\u00f5es realizadas em junho. Neste per\u00edodo, foram 109 vistorias. O objetivo das a\u00e7\u00f5es de fiscaliza\u00e7\u00e3o \u00e9 garantir equil\u00edbrio nas rela\u00e7\u00f5es de [&hellip;]<\/p>\n","protected":false},"author":246,"featured_media":215617,"comment_status":"closed","ping_status":"closed","sticky":false,"template":"","format":"standard","meta":{"footnotes":""},"categories":[253,436,439],"tags":[],"class_list":["post-215616","post","type-post","status-publish","format-standard","has-post-thumbnail","hentry","category-cidade","category-destaque-da-semana","category-ultima-hora"],"_links":{"self":[{"href":"https:\/\/diarioregionaldigital.com.br\/index.php?rest_route=\/wp\/v2\/posts\/215616","targetHints":{"allow":["GET"]}}],"collection":[{"href":"https:\/\/diarioregionaldigital.com.br\/index.php?rest_route=\/wp\/v2\/posts"}],"about":[{"href":"https:\/\/diarioregionaldigital.com.br\/index.php?rest_route=\/wp\/v2\/types\/post"}],"author":[{"embeddable":true,"href":"https:\/\/diarioregionaldigital.com.br\/index.php?rest_route=\/wp\/v2\/users\/246"}],"replies":[{"embeddable":true,"href":"https:\/\/diarioregionaldigital.com.br\/index.php?rest_route=%2Fwp%2Fv2%2Fcomments&post=215616"}],"version-history":[{"count":1,"href":"https:\/\/diarioregionaldigital.com.br\/index.php?rest_route=\/wp\/v2\/posts\/215616\/revisions"}],"predecessor-version":[{"id":215618,"href":"https:\/\/diarioregionaldigital.com.br\/index.php?rest_route=\/wp\/v2\/posts\/215616\/revisions\/215618"}],"wp:featuredmedia":[{"embeddable":true,"href":"https:\/\/diarioregionaldigital.com.br\/index.php?rest_route=\/wp\/v2\/media\/215617"}],"wp:attachment":[{"href":"https:\/\/diarioregionaldigital.com.br\/index.php?rest_route=%2Fwp%2Fv2%2Fmedia&parent=215616"}],"wp:term":[{"taxonomy":"category","embeddable":true,"href":"https:\/\/diarioregionaldigital.com.br\/index.php?rest_route=%2Fwp%2Fv2%2Fcategories&post=215616"},{"taxonomy":"post_tag","embeddable":true,"href":"https:\/\/diarioregionaldigital.com.br\/index.php?rest_route=%2Fwp%2Fv2%2Ftags&post=215616"}],"curies":[{"name":"wp","href":"https:\/\/api.w.org\/{rel}","templated":true}]}}