{"id":215610,"date":"2023-07-03T21:40:27","date_gmt":"2023-07-04T00:40:27","guid":{"rendered":"https:\/\/diarioregionaldigital.com.br\/?p=215610"},"modified":"2023-07-03T21:40:27","modified_gmt":"2023-07-04T00:40:27","slug":"arraia-da-cidade-sera-realizado-no-parque-municipal-nos-dias-8-e-9-deste-mes","status":"publish","type":"post","link":"https:\/\/diarioregionaldigital.com.br\/?p=215610","title":{"rendered":"Arrai\u00e1 da Cidade ser\u00e1 realizado no Parque Municipal nos dias 8 e 9 deste m\u00eas"},"content":{"rendered":"<p>Segundo informa\u00e7\u00f5es do site da Prefeitura de Juiz de Fora (PJF), o\u00a0Arrai\u00e1 da Cidade est\u00e1 de volta: nos dias 8 e 9 de julho o Parque Municipal receber\u00e1 o evento com entrada gratuita. A popula\u00e7\u00e3o poder\u00e1 se divertir com brincadeiras, comidas e bebidas t\u00edpicas, dan\u00e7as e atividades recreativas para toda a fam\u00edlia. O evento, promovido pela Prefeitura de Juiz de Fora (PJF), ir\u00e1 receber o p\u00fablico das 11h \u00e0s 17h. Durante os dois dias, s\u00e1bado e domingo, o espa\u00e7o ter\u00e1 tamb\u00e9m uma feira da economia solid\u00e1ria e atividades para todas as idades.<br \/>\nAl\u00e9m das atra\u00e7\u00f5es das festividades, o Parque funcionar\u00e1 com seus atrativos habituais. O Arrai\u00e1 da Cidade busca valorizar as tradi\u00e7\u00f5es e a cultura popular do pa\u00eds e de Minas Gerais. Tamb\u00e9m haver\u00e1 show com repert\u00f3rio composto por ritmos sertanejo e forr\u00f3.<br \/>\nNo s\u00e1bado, um dos pontos altos do evento ser\u00e1 a participa\u00e7\u00e3o da atriz, cantora e influenciadora Gabi Gabizoca, que alegrar\u00e1 o dia das crian\u00e7as que forem ao Parque Municipal. Al\u00e9m das m\u00fasicas t\u00edpicas, o evento ter\u00e1 Djs comandando a mesa de som. De 13h \u00e0s 14h30, a grande atra\u00e7\u00e3o musical ser\u00e1 a Banda Forr\u00f3 de Cheiro, tendo na sequ\u00eancia a grande quadrilha. No primeiro dia, os membros da associa\u00e7\u00e3o Brother\u2019s do Bem, v\u00e3o dan\u00e7ar a quadrilha. A entidade \u00e9 uma ONG de desenvolvimento social focada na educa\u00e7\u00e3o e rede de apoio para pessoas em situa\u00e7\u00e3o de vulnerabilidade. No domingo haver\u00e1 a tradicional quadrilha \u201cVai Quem Quer\u201d, formada por participantes do evento que desejarem participar da dan\u00e7a t\u00edpica.<br \/>\nAs barraquinhas, a cargo de dez institui\u00e7\u00f5es beneficentes credenciadas pela Secretaria de Direitos Humanos (SEDH), v\u00e3o comercializar quitutes t\u00edpicos, como quent\u00e3o, canjica, cachorro-quente, milho cozido, pipoca, churrasquinho, entre outros alimentos. O p\u00fablico tamb\u00e9m poder\u00e1 saborear produtos do APL Queijo do Caminho Novo., com diversos tipos de queijo sendo comercializados. Os presentes tamb\u00e9m ter\u00e3o oportunidade de consumir e adquirir caf\u00e9s org\u00e2nicos de produ\u00e7\u00e3o regional. Tamb\u00e9m estar\u00e3o \u00e0 venda objetos e artesanato produzidos em Juiz de Fora pelos empreendedores da economia solid\u00e1ria.<br \/>\nPara o entretenimento das crian\u00e7as, estar\u00e1 dispon\u00edvel de forma gratuita pescaria, cama el\u00e1stica, brinquedos infl\u00e1veis, pintura facial e atra\u00e7\u00f5es do grupo \u201cCirco do Hoje\u201d, com palha\u00e7aria, malabarismo e equilibrismo. Com objetivo de inclus\u00e3o, haver\u00e1\u00a0int\u00e9rpretes de\u00a0L\u00edngua Brasileira de Sinais (Libras).<br \/>\nO Parque Municipal fica na rua do Contorno 8, no bairro Nova Calif\u00f3rnia, e funciona das 8h \u00e0s 17h, permitindo a entrada de visitantes at\u00e9 16h. Para quem precisa do transporte p\u00fablico, as linhas que atendem o Parque s\u00e3o 520 (Aeroporto), 531 (Nova Calif\u00f3rnia) e 537 (Jardim da Serra), todos descritos no letreiro com \u201cVia Parque Municipal\u201d.<br \/>\n<strong>Confira a programa\u00e7\u00e3o:\u00a0<\/strong><br \/>\n<strong>S\u00e1bado<\/strong><\/p>\n<p>DJs \u2013 11h \u00e0s 13h<\/p>\n<p>Gabi Gabizoca &#8211; 11h30 a 12h30<\/p>\n<p>Pescaria \u2013 11h \u00e0s 17h<\/p>\n<p>Banda Forr\u00f3 de Cheiro &#8211; 13h \u00e0s 14h30<\/p>\n<p>Djs \u2013 14h30 \u00e0s 17h<\/p>\n<p>Quadrilha -15h<\/p>\n<p>Cama el\u00e1stica e brinquedos infl\u00e1veis \u2013 11h \u00e0s 17h<\/p>\n<p>\u201cCirco do Hoje\u201d \u2013 11h \u00e0s 17h<\/p>\n<p>Pintura facial \u2013 13h \u00e0s 17h<\/p>\n<p>Int\u00e9rprete de Libras\u00a0 &#8211; 11h \u00e0s 17h<\/p>\n<p>&nbsp;<\/p>\n<p><strong>Domingo<\/strong><\/p>\n<p>DJs \u2013 11h \u00e0s 13h<\/p>\n<p>Pescaria \u2013 11h \u00e0s 17h<\/p>\n<p>Cama el\u00e1stica e brinquedos infl\u00e1veis \u2013 11h \u00e0s 17h<\/p>\n<p>Circo do Hoje \u2013 11h \u00e0s 17h<\/p>\n<p>Pintura facial \u2013 13h \u00e0s 17h<\/p>\n<p>M\u00fasica ao vivo &#8211; 13h \u00e0s 15h<\/p>\n<p>Quadrilha \u201cVai Quem Quer\u201d &#8211; 15h<\/p>\n<p>Djs \u2013 15h \u00e0s 17h<\/p>\n<p>Int\u00e9rprete de Libras\u00a0 &#8211; 11h \u00e0s 17h<\/p>\n","protected":false},"excerpt":{"rendered":"<p>Segundo informa\u00e7\u00f5es do site da Prefeitura de Juiz de Fora (PJF), o\u00a0Arrai\u00e1 da Cidade est\u00e1 de volta: nos dias 8 e 9 de julho o Parque Municipal receber\u00e1 o evento com entrada gratuita. A popula\u00e7\u00e3o poder\u00e1 se divertir com brincadeiras, comidas e bebidas t\u00edpicas, dan\u00e7as e atividades recreativas para toda a fam\u00edlia. O evento, promovido [&hellip;]<\/p>\n","protected":false},"author":246,"featured_media":215611,"comment_status":"closed","ping_status":"closed","sticky":false,"template":"","format":"standard","meta":{"footnotes":""},"categories":[253,436,440,439],"tags":[],"class_list":["post-215610","post","type-post","status-publish","format-standard","has-post-thumbnail","hentry","category-cidade","category-destaque-da-semana","category-destaques-do-dia","category-ultima-hora"],"_links":{"self":[{"href":"https:\/\/diarioregionaldigital.com.br\/index.php?rest_route=\/wp\/v2\/posts\/215610","targetHints":{"allow":["GET"]}}],"collection":[{"href":"https:\/\/diarioregionaldigital.com.br\/index.php?rest_route=\/wp\/v2\/posts"}],"about":[{"href":"https:\/\/diarioregionaldigital.com.br\/index.php?rest_route=\/wp\/v2\/types\/post"}],"author":[{"embeddable":true,"href":"https:\/\/diarioregionaldigital.com.br\/index.php?rest_route=\/wp\/v2\/users\/246"}],"replies":[{"embeddable":true,"href":"https:\/\/diarioregionaldigital.com.br\/index.php?rest_route=%2Fwp%2Fv2%2Fcomments&post=215610"}],"version-history":[{"count":1,"href":"https:\/\/diarioregionaldigital.com.br\/index.php?rest_route=\/wp\/v2\/posts\/215610\/revisions"}],"predecessor-version":[{"id":215612,"href":"https:\/\/diarioregionaldigital.com.br\/index.php?rest_route=\/wp\/v2\/posts\/215610\/revisions\/215612"}],"wp:featuredmedia":[{"embeddable":true,"href":"https:\/\/diarioregionaldigital.com.br\/index.php?rest_route=\/wp\/v2\/media\/215611"}],"wp:attachment":[{"href":"https:\/\/diarioregionaldigital.com.br\/index.php?rest_route=%2Fwp%2Fv2%2Fmedia&parent=215610"}],"wp:term":[{"taxonomy":"category","embeddable":true,"href":"https:\/\/diarioregionaldigital.com.br\/index.php?rest_route=%2Fwp%2Fv2%2Fcategories&post=215610"},{"taxonomy":"post_tag","embeddable":true,"href":"https:\/\/diarioregionaldigital.com.br\/index.php?rest_route=%2Fwp%2Fv2%2Ftags&post=215610"}],"curies":[{"name":"wp","href":"https:\/\/api.w.org\/{rel}","templated":true}]}}