{"id":215607,"date":"2023-07-03T21:37:43","date_gmt":"2023-07-04T00:37:43","guid":{"rendered":"https:\/\/diarioregionaldigital.com.br\/?p=215607"},"modified":"2023-07-03T21:37:43","modified_gmt":"2023-07-04T00:37:43","slug":"ginasio-municipal-jornalista-antonio-marcos-e-inaugurado-apos-18-anos-de-obras","status":"publish","type":"post","link":"https:\/\/diarioregionaldigital.com.br\/?p=215607","title":{"rendered":"Gin\u00e1sio Municipal Jornalista Ant\u00f4nio Marcos \u00e9 inaugurado ap\u00f3s 18 anos de obras"},"content":{"rendered":"<p>Segundo informa\u00e7\u00f5es do site da Prefeitura de Juiz de Fora (PJF), a PJF inaugurou mais uma obra hist\u00f3rica para a cidade. Ap\u00f3s 18 anos do in\u00edcio das obras, o Gin\u00e1sio Poliesportivo Jornalista Ant\u00f4nio Marcos Nazar\u00e9 Campos foi entregue \u00e0 popula\u00e7\u00e3o em um evento de inaugura\u00e7\u00e3o celebrado na \u00faltima sexta-feira, 30. A popula\u00e7\u00e3o de Juiz de Fora agora pode contar com o aparelho esportivo para diversos eventos, tendo capacidade para quase 5 mil pessoas.<br \/>\nA prefeita de Juiz de Fora, Margarida Salom\u00e3o, destacou a import\u00e2ncia do Gin\u00e1sio tanto para a cidade quanto para o pa\u00eds. \u201cN\u00f3s estamos escrevendo uma nova hist\u00f3ria. trilhando o rumo do desenvolvimento humano, do desenvolvimento sustent\u00e1vel, um desenvolvimento para todas e todos, Este \u00e9 coroamento da celebra\u00e7\u00e3o dos 173 anos de nossa cidade, e ao inaugurar o Gin\u00e1sio, n\u00f3s estamos enviando pro povo de Juiz de Fora, dizendo pro Brasil o quanto que n\u00f3s amamos a nossa cidade. Viva Juiz de Fora, e que esse seja um espa\u00e7o grandioso para todos n\u00f3s\u201d.<br \/>\nRespons\u00e1vel pelo projeto do Gin\u00e1sio, Leonardo de Paula, ressaltou o impacto positivo que o esporte local ter\u00e1 com a inaugura\u00e7\u00e3o. \u201cS\u00e3o 18 anos de teimosia, resili\u00eancia e nesse tempo todo tendo ao meu lado uma equipe de engenheiros e arquitetos e t\u00e9cnicos, que assim como eu, nunca desistiram. Eu fico muito feliz de ter contribu\u00eddo para deixar um legado para a senhora, que est\u00e1 atendendo uma demanda hist\u00f3rica dos atletas da cidade e criando um espa\u00e7o que al\u00e9m de cumprir com essa fun\u00e7\u00e3o, vai fomentar muito a \u00e1rea art\u00edstica e cultural da cidade\u201d.<br \/>\nEm seu discurso, o secret\u00e1rio de Obras, Lincoln Santos, destacou a coragem da coordena\u00e7\u00e3o ser realizada por uma mulher, na figura da prefeita, Margarida Salom\u00e3o. \u201cN\u00f3s estamos aqui hoje fazendo a \u00faltima entrega de obra em comemora\u00e7\u00e3o ao anivers\u00e1rio da cidade, uma obra iniciada h\u00e1 18 anos e que se conclui na administra\u00e7\u00e3o de uma mulher\u201d. A fala foi corroborada pelo secret\u00e1rio de Esporte e Lazer, Marcelo Matta, que tamb\u00e9m exaltou as qualidades t\u00e9cnicas do equipamento esportivo. \u201c O gin\u00e1sio \u00e9 padr\u00e3o internacional, vamos poder receber aqui jogos de alto rendimento, de sele\u00e7\u00f5es, pois os aparelhos, as tabelas de basquete, v\u00f4lei, futebol, futsal, tudo dentro das exig\u00eancias internacionais. Juiz de Fora hoje tem um local que pode receber tudo isso\u201d.<br \/>\nA diretora-geral da Funda\u00e7\u00e3o Cultural Alfredo Ferreira Lage, Giane Elisa, lembrou que, para al\u00e9m dos esportes, o Gin\u00e1sio tamb\u00e9m possui grandes possibilidades culturais para o cen\u00e1rio de Juiz de Fora.\u00a0 \u201cA gente pode entender o esporte como uma atividade cultural e, al\u00e9m disso, a possibilidade que Juiz de Fora passa a ter de receber grandes shows, grandes festivais, e isso com certeza vai movimentar a cena art\u00edstica de Juiz de Fora e do Brasil\u201d.<br \/>\nO presidente da C\u00e2mara Municipal de Juiz de Fora, Jos\u00e9 M\u00e1rcio Lopes Guedes (Z\u00e9 M\u00e1rcio Garotinho), elogiou a estrutura do local. \u201c\u00c9 um projeto muito bonito, arquitetura muito moderna, um equipamento para esporte de alto rendimento. A cidade esperava por isso, que a gente possa usar tamb\u00e9m para o esporte amador e tamb\u00e9m a \u00e1rea externa, para cultura, eventos, shows\u201d.<br \/>\n<strong>Gin\u00e1sio leva o nome em homenagem \u00e0 jornalista<\/strong><br \/>\nO Gin\u00e1sio Poliesportivo leva o nome do jornalista Ant\u00f4nio Marcos Nazar\u00e9 Campos, importante nome da \u00e1rea em Juiz de Fora. Nascido em 11 de novembro de 1973, na cidade de Miradouro-MG, Ant\u00f4nio Marcos formou-se em Comunica\u00e7\u00e3o Social na Universidade Federal de Juiz de Fora (UFJF), construiu carreira profissional e formou sua fam\u00edlia em Juiz de Fora. Como jornalista, Ant\u00f4nio Marcos era conhecido por suas grandes reportagens dedicadas ao esporte. O jornalista faleceu aos 31 anos em um acidente automobil\u00edstico, em 19 de maio de 2005.<br \/>\nPresente na cerim\u00f4nia, M\u00e1rcia Ces\u00e1rio, vi\u00fava de Ant\u00f4nio Marcos, deu destaque ao reconhecimento que o Gin\u00e1sio proporcionou \u00e0 mem\u00f3ria do jornalista. \u201cHoje \u00e9 um dia muito importante, de muita gratid\u00e3o. O reconhecimento de um trabalho feito com amor, com entrega total. O Ant\u00f4nio teve sua vida profissional curta, mas marcante. Ele amava o esporte e divulgava e promovia os atletas de Juiz de Fora e regi\u00e3o\u201d. Thiago Ces\u00e1rio Campos, filho de Ant\u00f4nio Marcos, tamb\u00e9m relembrou a import\u00e2ncia da homenagem ao pai. \u201cA imortaliza\u00e7\u00e3o de seu nome no gin\u00e1sio \u00e9 o reconhecimento de uma vida dedicada ao esporte. Ele volta a ser uma parte do p\u00fablico, uma parte que, enquanto descansa, \u00e9 gratificada pelo servi\u00e7o em prol do desenvolvimento social da cidade\u201d.<br \/>\nO evento de inaugura\u00e7\u00e3o contou tamb\u00e9m com uma grande festa no palco fixo, instalado na parte externa do local, projetada para receber eventos culturais. Al\u00e9m da apresenta\u00e7\u00e3o dos grupos Muvuka e Acoustic N&#8217; Roll, quem esteve presente no Gin\u00e1sio p\u00f4de aproveitar barraquinhas de food truck.A inaugura\u00e7\u00e3o do gin\u00e1sio foi o \u00faltimo dos presentes da programa\u00e7\u00e3o de anivers\u00e1rio de 173 anos de Juiz de Fora.<br \/>\n<strong>Sobre o Gin\u00e1sio<\/strong><br \/>\nO Gin\u00e1sio \u00e9 parte integrante do complexo Esportivo e de Lazer que est\u00e1 sendo implantado na \u00e1rea externa do Est\u00e1dio Municipal Radialista M\u00e1rio Hel\u00eanio. O espa\u00e7o ser\u00e1 um importante aparelho esportivo para cidade, no qual v\u00e1rias atividades de esportes, lazer e de cultura poder\u00e3o ser realizadas.<br \/>\nLocalizado no bairro Aeroporto, ao lado do Est\u00e1dio Municipal, o complexo contar\u00e1 com quadra poliesportiva, apoiada por salas de uso m\u00faltiplo para cursos de forma\u00e7\u00e3o e aperfei\u00e7oamento, e vesti\u00e1rios com total acessibilidade. Pr\u00f3xima dos vesti\u00e1rios h\u00e1 \u00e1reas para sala de muscula\u00e7\u00e3o e sala de descanso dos esportistas. Nos espa\u00e7os externos contar\u00e1 com uma cantina, espa\u00e7os comerciais e bilheteria.<br \/>\nO aparelho esportivo, cujas obras foram iniciadas em 2005 e paralisadas por diversas vezes, foi projetado para contribuir na forma\u00e7\u00e3o de atletas e tamb\u00e9m para receber eventos esportivos profissionais. Para tanto, ele atende aos padr\u00f5es definidos por organismos internacionais, permitindo a realiza\u00e7\u00e3o de jogos oficiais de futsal, v\u00f4lei, basquete e handebol, tanto ol\u00edmpicos quanto para-ol\u00edmpicos. Com uma \u00e1rea constru\u00edda de 6.920 m2, o gin\u00e1sio prev\u00ea acessibilidade plena, garantindo acesso a todas as pessoas e em todas suas depend\u00eancias, dos vesti\u00e1rios aos camarotes superiores.<br \/>\n<strong>Foto:<\/strong>\u00a0Carlos Mendon\u00e7a<\/p>\n","protected":false},"excerpt":{"rendered":"<p>Segundo informa\u00e7\u00f5es do site da Prefeitura de Juiz de Fora (PJF), a PJF inaugurou mais uma obra hist\u00f3rica para a cidade. Ap\u00f3s 18 anos do in\u00edcio das obras, o Gin\u00e1sio Poliesportivo Jornalista Ant\u00f4nio Marcos Nazar\u00e9 Campos foi entregue \u00e0 popula\u00e7\u00e3o em um evento de inaugura\u00e7\u00e3o celebrado na \u00faltima sexta-feira, 30. A popula\u00e7\u00e3o de Juiz de [&hellip;]<\/p>\n","protected":false},"author":246,"featured_media":215608,"comment_status":"closed","ping_status":"closed","sticky":false,"template":"","format":"standard","meta":{"footnotes":""},"categories":[253,436,440,439],"tags":[],"class_list":["post-215607","post","type-post","status-publish","format-standard","has-post-thumbnail","hentry","category-cidade","category-destaque-da-semana","category-destaques-do-dia","category-ultima-hora"],"_links":{"self":[{"href":"https:\/\/diarioregionaldigital.com.br\/index.php?rest_route=\/wp\/v2\/posts\/215607","targetHints":{"allow":["GET"]}}],"collection":[{"href":"https:\/\/diarioregionaldigital.com.br\/index.php?rest_route=\/wp\/v2\/posts"}],"about":[{"href":"https:\/\/diarioregionaldigital.com.br\/index.php?rest_route=\/wp\/v2\/types\/post"}],"author":[{"embeddable":true,"href":"https:\/\/diarioregionaldigital.com.br\/index.php?rest_route=\/wp\/v2\/users\/246"}],"replies":[{"embeddable":true,"href":"https:\/\/diarioregionaldigital.com.br\/index.php?rest_route=%2Fwp%2Fv2%2Fcomments&post=215607"}],"version-history":[{"count":1,"href":"https:\/\/diarioregionaldigital.com.br\/index.php?rest_route=\/wp\/v2\/posts\/215607\/revisions"}],"predecessor-version":[{"id":215609,"href":"https:\/\/diarioregionaldigital.com.br\/index.php?rest_route=\/wp\/v2\/posts\/215607\/revisions\/215609"}],"wp:featuredmedia":[{"embeddable":true,"href":"https:\/\/diarioregionaldigital.com.br\/index.php?rest_route=\/wp\/v2\/media\/215608"}],"wp:attachment":[{"href":"https:\/\/diarioregionaldigital.com.br\/index.php?rest_route=%2Fwp%2Fv2%2Fmedia&parent=215607"}],"wp:term":[{"taxonomy":"category","embeddable":true,"href":"https:\/\/diarioregionaldigital.com.br\/index.php?rest_route=%2Fwp%2Fv2%2Fcategories&post=215607"},{"taxonomy":"post_tag","embeddable":true,"href":"https:\/\/diarioregionaldigital.com.br\/index.php?rest_route=%2Fwp%2Fv2%2Ftags&post=215607"}],"curies":[{"name":"wp","href":"https:\/\/api.w.org\/{rel}","templated":true}]}}