{"id":215598,"date":"2023-07-03T21:27:51","date_gmt":"2023-07-04T00:27:51","guid":{"rendered":"https:\/\/diarioregionaldigital.com.br\/?p=215598"},"modified":"2023-07-03T21:27:51","modified_gmt":"2023-07-04T00:27:51","slug":"futebol-de-cegos-brasil-fatura-grand-prix-da-franca-3o-titulo-no-ano","status":"publish","type":"post","link":"https:\/\/diarioregionaldigital.com.br\/?p=215598","title":{"rendered":"Futebol de cegos: Brasil fatura Grand Prix da Fran\u00e7a, 3\u00ba t\u00edtulo no ano"},"content":{"rendered":"<p>O futebol de cegos do Brasil levantou a ta\u00e7a do Grand Prix da Fran\u00e7a no \u00faltimo s\u00e1bado (1\u00ba), ao derrotar a Inglaterra, nos p\u00eanaltis, por 2 a 0. O t\u00edtulo \u00e9 o terceiro da sele\u00e7\u00e3o masculina (adulta e juvenil) nesta temporada e sinaliza que o pa\u00eds vai chegar com tudo na Copa do Mundo, em Birmingham (Inglaterra), em agosto. Pentacampe\u00e3 mundial, a sele\u00e7\u00e3o vai em buscar do hexa e da classifica\u00e7\u00e3o aos Jogos Paral\u00edmpicos de Paris 2024 \u2013 os tr\u00eas primeiros colocados asseguram vaga.<img decoding=\"async\" src=\"https:\/\/agenciabrasil.ebc.com.br\/ebc.png?id=1541719&amp;o=node\" \/><img decoding=\"async\" src=\"https:\/\/agenciabrasil.ebc.com.br\/ebc.gif?id=1541719&amp;o=node\" \/><\/p>\n<p>O Brasil, comandado pelo t\u00e9cnico J\u00falio C\u00e9sar Macena, contou com jogadores da equipe Sub-23, que conquistou o<a href=\"https:\/\/agenciabrasil.ebc.com.br\/esportes\/noticia\/2023-06\/brasil-conquista-sua-500a-medalha-na-historia-do-parapan-de-jovens\">\u00a0Parapan de Jovens em Bogot\u00e1 (Col\u00f4mbia),\u00a0<\/a>em maio. Entre eles, Lucas Caetano e Maicon, que converteram as cobran\u00e7as para o Brasil, ap\u00f3s empate sem gols com os ingleses no tempo normal. Tamb\u00e9m entraram em campo Gean Patrick, \u00a0Paulo Ryan, Alefe,\u00a0Kauan,\u00a0Marco Ant\u00f4nio,\u00a0Paulo Vitor,\u00a0Rayn\u00e3\u00a0e\u00a0Samir.<\/p>\n<blockquote><p>&#8220;Esta conquista representa um recome\u00e7o depois da volta de uma les\u00e3o. Foi muito importante para ganhar confian\u00e7a e mostrar a for\u00e7a do Brasil que, mesmo com um time sub-23, bateu de frente contra equipes que se preparam para disputar o Mundial&#8221;, analisou o ala\u00a0Lucas Caetano, de 21 anos, que retornou \u00e0 sele\u00e7\u00e3o ap\u00f3s 11 meses e meio se recuperando de les\u00e3o no ligamento cruzado anterior do joelho.<\/p><\/blockquote>\n<p>Em maio passado, a sele\u00e7\u00e3o faturou de forma invicta o\u00a0<a href=\"https:\/\/agenciabrasil.ebc.com.br\/esportes\/noticia\/2023-05\/brasil-e-bicampeao-de-grand-prix-internacional-de-futebol-de-cegos\">bicampeonato no Grand Prix Internacional,\u00a0<\/a>em S\u00e3o Paulo, competi\u00e7\u00e3o organizada pela primeira vez no pa\u00eds pela Federa\u00e7\u00e3o Internacional de Esportes para Cegos (IBSA, na sigla em ingl\u00eas).<\/p>\n<h2>De olho em Paris 2024<\/h2>\n<p>O Brasil \u00e9 o \u00fanico pentacampe\u00e3o paral\u00edmpico: foram\u00a0ouros consecutivos desde os Jogos de Atenas (2004). A modalidade era chamada de futebol de cinco at\u00e9 os Jogos de T\u00f3quio.<\/p>\n<p>Apenas oito equipes disputar\u00e3o a Paralimp\u00edada, sendo que quatro delas j\u00e1 asseguram presen\u00e7a: Fran\u00e7a, Turquia, Marrocos e China.<\/p>\n<p>Al\u00e9m da Copa do Mundo em\u00a0Birmingham (Inglaterra), a outra competi\u00e7\u00e3o classificat\u00f3ria a Paris 2024 ser\u00e1 os Jogos Parapan-Americanos, em novembro, em Santiago (Chile).<\/p>\n<p>Para confirmar sua vaga, o Brasil ter\u00e1 de ficar entre os tr\u00eas primeiros colocados do Mundial ou conquistar o Parapan.<\/p>\n<p><span style=\"font-weight: 400;\">Fonte: Ag\u00eancia Brasil <\/span><\/p>\n","protected":false},"excerpt":{"rendered":"<p>O futebol de cegos do Brasil levantou a ta\u00e7a do Grand Prix da Fran\u00e7a no \u00faltimo s\u00e1bado (1\u00ba), ao derrotar a Inglaterra, nos p\u00eanaltis, por 2 a 0. O t\u00edtulo \u00e9 o terceiro da sele\u00e7\u00e3o masculina (adulta e juvenil) nesta temporada e sinaliza que o pa\u00eds vai chegar com tudo na Copa do Mundo, em [&hellip;]<\/p>\n","protected":false},"author":246,"featured_media":215599,"comment_status":"closed","ping_status":"closed","sticky":false,"template":"","format":"standard","meta":{"footnotes":""},"categories":[436,257,439],"tags":[],"class_list":["post-215598","post","type-post","status-publish","format-standard","has-post-thumbnail","hentry","category-destaque-da-semana","category-esporte","category-ultima-hora"],"_links":{"self":[{"href":"https:\/\/diarioregionaldigital.com.br\/index.php?rest_route=\/wp\/v2\/posts\/215598","targetHints":{"allow":["GET"]}}],"collection":[{"href":"https:\/\/diarioregionaldigital.com.br\/index.php?rest_route=\/wp\/v2\/posts"}],"about":[{"href":"https:\/\/diarioregionaldigital.com.br\/index.php?rest_route=\/wp\/v2\/types\/post"}],"author":[{"embeddable":true,"href":"https:\/\/diarioregionaldigital.com.br\/index.php?rest_route=\/wp\/v2\/users\/246"}],"replies":[{"embeddable":true,"href":"https:\/\/diarioregionaldigital.com.br\/index.php?rest_route=%2Fwp%2Fv2%2Fcomments&post=215598"}],"version-history":[{"count":1,"href":"https:\/\/diarioregionaldigital.com.br\/index.php?rest_route=\/wp\/v2\/posts\/215598\/revisions"}],"predecessor-version":[{"id":215600,"href":"https:\/\/diarioregionaldigital.com.br\/index.php?rest_route=\/wp\/v2\/posts\/215598\/revisions\/215600"}],"wp:featuredmedia":[{"embeddable":true,"href":"https:\/\/diarioregionaldigital.com.br\/index.php?rest_route=\/wp\/v2\/media\/215599"}],"wp:attachment":[{"href":"https:\/\/diarioregionaldigital.com.br\/index.php?rest_route=%2Fwp%2Fv2%2Fmedia&parent=215598"}],"wp:term":[{"taxonomy":"category","embeddable":true,"href":"https:\/\/diarioregionaldigital.com.br\/index.php?rest_route=%2Fwp%2Fv2%2Fcategories&post=215598"},{"taxonomy":"post_tag","embeddable":true,"href":"https:\/\/diarioregionaldigital.com.br\/index.php?rest_route=%2Fwp%2Fv2%2Ftags&post=215598"}],"curies":[{"name":"wp","href":"https:\/\/api.w.org\/{rel}","templated":true}]}}