{"id":215583,"date":"2023-07-03T21:02:10","date_gmt":"2023-07-04T00:02:10","guid":{"rendered":"https:\/\/diarioregionaldigital.com.br\/?p=215583"},"modified":"2023-07-03T21:02:10","modified_gmt":"2023-07-04T00:02:10","slug":"agu-envia-queixa-crime-contra-deputado-por-afirmacoes-discriminatorias","status":"publish","type":"post","link":"https:\/\/diarioregionaldigital.com.br\/?p=215583","title":{"rendered":"AGU envia queixa-crime contra deputado por afirma\u00e7\u00f5es discriminat\u00f3rias"},"content":{"rendered":"<p>A Advocacia-Geral da Uni\u00e3o (AGU) enviou, nesta segunda-feira (3), \u00e0 Procuradoria-Geral da Rep\u00fablica (PGR) uma queixa-crime contra o deputado federal Gustavo Gayer (PL-GO). A medida foi tomada ap\u00f3s uma entrevista concedida pelo parlamentar a um programa de<em>\u00a0podcast<\/em>\u00a0(material em \u00e1udio dispon\u00edvel em dispositivos com acesso \u00e0 internet) na semana passada.<img decoding=\"async\" src=\"https:\/\/agenciabrasil.ebc.com.br\/ebc.png?id=1541832&amp;o=node\" \/><img decoding=\"async\" src=\"https:\/\/agenciabrasil.ebc.com.br\/ebc.gif?id=1541832&amp;o=node\" \/><\/p>\n<p>Segundo a AGU, Gayer teria associado africanos a pessoas com quociente de intelig\u00eancia (QI) baixo. Durante a conversa com o apresentador Rodrigo Barbosa Arantes, o deputado teria dito que a popula\u00e7\u00e3o daquele continente n\u00e3o tem capacidade para viver em um regime democr\u00e1tico.<\/p>\n<p>Para a AGU, as declara\u00e7\u00f5es do deputado foram discriminat\u00f3rias. &#8220;A manifesta\u00e7\u00e3o \u00e9 claramente discriminat\u00f3ria, pois diferencia a capacidade cognitiva de seres humanos considerando a origem africana, continente em que sabidamente a maioria da popula\u00e7\u00e3o \u00e9 negra, concluindo que n\u00e3o teriam aptid\u00e3o para compreender regime democr\u00e1tico\u201d, concluiu o \u00f3rg\u00e3o.<\/p>\n<p>Caber\u00e1 ao procurador-geral da Rep\u00fablica, Augusto Aras, avaliar a not\u00edcia-crime.\u00a0O documento foi elaborado pela Procuradoria Nacional da Uni\u00e3o de Defesa da Democracia (PNDD).<\/p>\n<h2>Defesa<\/h2>\n<p>A\u00a0<strong>Ag\u00eancia Brasil\u00a0<\/strong>entrou em contato com o gabinete de Gustavo Gayer e aguarda retorno.<\/p>\n<p>Em v\u00eddeo publicado nas redes sociais, Gayer disse que sua entrevista foi tirada de contexto e publicada na internet. O parlamentar afirmou que fez coment\u00e1rios sobre a qualidade\u00a0da educa\u00e7\u00e3o e subnutri\u00e7\u00e3o no continente, fatores que, segundo ele,\u00a0 t\u00eam impacto no QI da popula\u00e7\u00e3o.<\/p>\n<p><span style=\"font-weight: 400;\">Fonte: Ag\u00eancia Brasil <\/span><\/p>\n","protected":false},"excerpt":{"rendered":"<p>A Advocacia-Geral da Uni\u00e3o (AGU) enviou, nesta segunda-feira (3), \u00e0 Procuradoria-Geral da Rep\u00fablica (PGR) uma queixa-crime contra o deputado federal Gustavo Gayer (PL-GO). A medida foi tomada ap\u00f3s uma entrevista concedida pelo parlamentar a um programa de\u00a0podcast\u00a0(material em \u00e1udio dispon\u00edvel em dispositivos com acesso \u00e0 internet) na semana passada. Segundo a AGU, Gayer teria associado [&hellip;]<\/p>\n","protected":false},"author":246,"featured_media":215584,"comment_status":"closed","ping_status":"closed","sticky":false,"template":"","format":"standard","meta":{"footnotes":""},"categories":[436,440,254,439],"tags":[],"class_list":["post-215583","post","type-post","status-publish","format-standard","has-post-thumbnail","hentry","category-destaque-da-semana","category-destaques-do-dia","category-politica","category-ultima-hora"],"_links":{"self":[{"href":"https:\/\/diarioregionaldigital.com.br\/index.php?rest_route=\/wp\/v2\/posts\/215583","targetHints":{"allow":["GET"]}}],"collection":[{"href":"https:\/\/diarioregionaldigital.com.br\/index.php?rest_route=\/wp\/v2\/posts"}],"about":[{"href":"https:\/\/diarioregionaldigital.com.br\/index.php?rest_route=\/wp\/v2\/types\/post"}],"author":[{"embeddable":true,"href":"https:\/\/diarioregionaldigital.com.br\/index.php?rest_route=\/wp\/v2\/users\/246"}],"replies":[{"embeddable":true,"href":"https:\/\/diarioregionaldigital.com.br\/index.php?rest_route=%2Fwp%2Fv2%2Fcomments&post=215583"}],"version-history":[{"count":1,"href":"https:\/\/diarioregionaldigital.com.br\/index.php?rest_route=\/wp\/v2\/posts\/215583\/revisions"}],"predecessor-version":[{"id":215585,"href":"https:\/\/diarioregionaldigital.com.br\/index.php?rest_route=\/wp\/v2\/posts\/215583\/revisions\/215585"}],"wp:featuredmedia":[{"embeddable":true,"href":"https:\/\/diarioregionaldigital.com.br\/index.php?rest_route=\/wp\/v2\/media\/215584"}],"wp:attachment":[{"href":"https:\/\/diarioregionaldigital.com.br\/index.php?rest_route=%2Fwp%2Fv2%2Fmedia&parent=215583"}],"wp:term":[{"taxonomy":"category","embeddable":true,"href":"https:\/\/diarioregionaldigital.com.br\/index.php?rest_route=%2Fwp%2Fv2%2Fcategories&post=215583"},{"taxonomy":"post_tag","embeddable":true,"href":"https:\/\/diarioregionaldigital.com.br\/index.php?rest_route=%2Fwp%2Fv2%2Ftags&post=215583"}],"curies":[{"name":"wp","href":"https:\/\/api.w.org\/{rel}","templated":true}]}}