{"id":215580,"date":"2023-07-03T20:52:02","date_gmt":"2023-07-03T23:52:02","guid":{"rendered":"https:\/\/diarioregionaldigital.com.br\/?p=215580"},"modified":"2023-07-03T20:52:02","modified_gmt":"2023-07-03T23:52:02","slug":"mercado-financeiro-eleva-projecao-de-crescimento-para-219-em-2023","status":"publish","type":"post","link":"https:\/\/diarioregionaldigital.com.br\/?p=215580","title":{"rendered":"Mercado financeiro eleva proje\u00e7\u00e3o de crescimento para 2,19% em 2023"},"content":{"rendered":"<p>O mercado financeiro aumentou a previs\u00e3o de crescimento do Produto Interno Bruto (PIB) para este ano pela oitava vez. Segundo proje\u00e7\u00e3o do Boletim Focus, divulgada hoje (3) pelo Banco Central, o pa\u00eds crescer\u00e1 2,19% em 2023. H\u00e1 uma semana, a previs\u00e3o era de crescimento de 2,18%. Para o pr\u00f3ximo ano tamb\u00e9m houve aumento na estimativa do PIB para 1,28%, ante os 1,22% da semana passada.<img decoding=\"async\" src=\"https:\/\/agenciabrasil.ebc.com.br\/ebc.png?id=1541682&amp;o=node\" \/><img decoding=\"async\" src=\"https:\/\/agenciabrasil.ebc.com.br\/ebc.gif?id=1541682&amp;o=node\" \/><\/p>\n<p>Para a infla\u00e7\u00e3o, o boletim manteve a tend\u00eancia de recuo pela s\u00e9tima semana consecutiva. O \u00cdndice de Pre\u00e7os ao Consumidor Amplo (IPCA) deve fechar este ano em 4,98%. H\u00e1 uma semana, a proje\u00e7\u00e3o do mercado era de que a infla\u00e7\u00e3o este ano ficasse em 5,06%%. H\u00e1 quatro semanas, a previs\u00e3o era de 5,69%.<\/p>\n<p>A previs\u00e3o continua acima da meta de infla\u00e7\u00e3o para este ano, definida pelo Conselho Monet\u00e1rio Nacional (CMN), que \u00e9 3,25%, com margem de toler\u00e2ncia de 1,5 ponto percentual (p.p.), para cima ou para baixo. Dessa forma, a meta ser\u00e1 considerada formalmente cumprida se oscilar entre 1,75% e 4,75%. Para 2024, a proje\u00e7\u00e3o \u00e9 de que o IPCA fique em 3,92%.<\/p>\n<p>Para alcan\u00e7ar a meta de infla\u00e7\u00e3o, o BC usa como principal instrumento a taxa b\u00e1sica de juros, a Selic, a taxa b\u00e1sica de juros, definida em 13,75% ao ano pelo Comit\u00ea de Pol\u00edtica Monet\u00e1ria (Copom). A taxa est\u00e1 no maior n\u00edvel desde janeiro de 2017, quando tamb\u00e9m estava nesse patamar.<\/p>\n<p>A pr\u00f3xima reuni\u00e3o do Copom est\u00e1 marcada para o in\u00edcio do m\u00eas de agosto. Para o mercado financeiro, a expectativa \u00e9 que haja uma diminui\u00e7\u00e3o na taxa. A proje\u00e7\u00e3o aponta que a Selic termine o ano em 12%.<\/p>\n<p>Divulgado semanalmente, o Boletim Focus re\u00fane a proje\u00e7\u00e3o de mais de 100 institui\u00e7\u00f5es do mercado para os principais indicadores econ\u00f4micos do pa\u00eds. Para 2024, o mercado diminuiu a proje\u00e7\u00e3o de infla\u00e7\u00e3o para 3,92%. Na semana passada a proje\u00e7\u00e3o era de 3,98%. H\u00e1 quatro semanas, a previs\u00e3o era de que o \u00edndice fechasse o pr\u00f3ximo ano em 4,12%. J\u00e1 para 2025, a proje\u00e7\u00e3o \u00e9 de que o IPCA fique em 3,60%.<\/p>\n<h2>PIB<\/h2>\n<p>Em rela\u00e7\u00e3o ao PIB, o Focus estimou uma queda para o ano de 2025, com um crescimento de 1,81%. Para 2026, o boletim tamb\u00e9m apontou uma tend\u00eancia e recuo no crescimento, ficando em 1,90%.<\/p>\n<h2>C\u00e2mbio<\/h2>\n<p>O mercado manteve pela segunda semana a previs\u00e3o do c\u00e2mbio, com o d\u00f3lar fechando o ano em R$ 5,00. Ha quatro semanas a previs\u00e3o era de que a moeda norte-americana ficasse em R$ 5,10. Para 2024, a proje\u00e7\u00e3o \u00e9 que o d\u00f3lar fique em R$ 5,08, menor do que o projetado na semana anterior, quando a previs\u00e3o era de R$ 5,16. Para 2025, a previs\u00e3o \u00e9 que o c\u00e2mbio feche em R$ 5,17.<\/p>\n<p><span style=\"font-weight: 400;\">Fonte: Ag\u00eancia Brasil <\/span><\/p>\n","protected":false},"excerpt":{"rendered":"<p>O mercado financeiro aumentou a previs\u00e3o de crescimento do Produto Interno Bruto (PIB) para este ano pela oitava vez. Segundo proje\u00e7\u00e3o do Boletim Focus, divulgada hoje (3) pelo Banco Central, o pa\u00eds crescer\u00e1 2,19% em 2023. H\u00e1 uma semana, a previs\u00e3o era de crescimento de 2,18%. Para o pr\u00f3ximo ano tamb\u00e9m houve aumento na estimativa [&hellip;]<\/p>\n","protected":false},"author":246,"featured_media":215581,"comment_status":"closed","ping_status":"closed","sticky":false,"template":"","format":"standard","meta":{"footnotes":""},"categories":[436,261,439],"tags":[],"class_list":["post-215580","post","type-post","status-publish","format-standard","has-post-thumbnail","hentry","category-destaque-da-semana","category-economia","category-ultima-hora"],"_links":{"self":[{"href":"https:\/\/diarioregionaldigital.com.br\/index.php?rest_route=\/wp\/v2\/posts\/215580","targetHints":{"allow":["GET"]}}],"collection":[{"href":"https:\/\/diarioregionaldigital.com.br\/index.php?rest_route=\/wp\/v2\/posts"}],"about":[{"href":"https:\/\/diarioregionaldigital.com.br\/index.php?rest_route=\/wp\/v2\/types\/post"}],"author":[{"embeddable":true,"href":"https:\/\/diarioregionaldigital.com.br\/index.php?rest_route=\/wp\/v2\/users\/246"}],"replies":[{"embeddable":true,"href":"https:\/\/diarioregionaldigital.com.br\/index.php?rest_route=%2Fwp%2Fv2%2Fcomments&post=215580"}],"version-history":[{"count":1,"href":"https:\/\/diarioregionaldigital.com.br\/index.php?rest_route=\/wp\/v2\/posts\/215580\/revisions"}],"predecessor-version":[{"id":215582,"href":"https:\/\/diarioregionaldigital.com.br\/index.php?rest_route=\/wp\/v2\/posts\/215580\/revisions\/215582"}],"wp:featuredmedia":[{"embeddable":true,"href":"https:\/\/diarioregionaldigital.com.br\/index.php?rest_route=\/wp\/v2\/media\/215581"}],"wp:attachment":[{"href":"https:\/\/diarioregionaldigital.com.br\/index.php?rest_route=%2Fwp%2Fv2%2Fmedia&parent=215580"}],"wp:term":[{"taxonomy":"category","embeddable":true,"href":"https:\/\/diarioregionaldigital.com.br\/index.php?rest_route=%2Fwp%2Fv2%2Fcategories&post=215580"},{"taxonomy":"post_tag","embeddable":true,"href":"https:\/\/diarioregionaldigital.com.br\/index.php?rest_route=%2Fwp%2Fv2%2Ftags&post=215580"}],"curies":[{"name":"wp","href":"https:\/\/api.w.org\/{rel}","templated":true}]}}