{"id":215574,"date":"2023-07-03T20:46:49","date_gmt":"2023-07-03T23:46:49","guid":{"rendered":"https:\/\/diarioregionaldigital.com.br\/?p=215574"},"modified":"2023-07-03T20:46:49","modified_gmt":"2023-07-03T23:46:49","slug":"ministerio-projeta-superavit-comercial-recorde-de-us-847-bilhoes","status":"publish","type":"post","link":"https:\/\/diarioregionaldigital.com.br\/?p=215574","title":{"rendered":"Minist\u00e9rio projeta super\u00e1vit comercial recorde de US$ 84,7 bilh\u00f5es"},"content":{"rendered":"<p>O leve aumento de exporta\u00e7\u00f5es e de importa\u00e7\u00f5es de produtos cujos pre\u00e7os arrefeceram nos \u00faltimos meses fez o Minist\u00e9rio do Desenvolvimento, Ind\u00fastria, Com\u00e9rcio e Servi\u00e7os (MDIC) projetar super\u00e1vit comercial (exporta\u00e7\u00f5es menos importa\u00e7\u00f5es) recorde em 2023. A segunda estimativa do ano prev\u00ea super\u00e1vit de US$ 84,7 bilh\u00f5es.<img decoding=\"async\" src=\"https:\/\/agenciabrasil.ebc.com.br\/ebc.png?id=1541795&amp;o=node\" \/><img decoding=\"async\" src=\"https:\/\/agenciabrasil.ebc.com.br\/ebc.gif?id=1541795&amp;o=node\" \/><\/p>\n<p>A proje\u00e7\u00e3o \u00e9 atualizada a cada tr\u00eas meses. Caso se confirme, o super\u00e1vit ser\u00e1 37,7% mais alto que o saldo positivo de US$ 61,525 bilh\u00f5es registrado em 2022, at\u00e9 agora o melhor resultado da hist\u00f3ria.<\/p>\n<p>O saldo comercial dever\u00e1 subir porque as importa\u00e7\u00f5es cair\u00e3o mais que as exporta\u00e7\u00f5es em rela\u00e7\u00e3o aos resultados de 2022. O governo projeta exportar US$ 330 bilh\u00f5es este ano, queda de 1,2% em rela\u00e7\u00e3o aos US$ 334,1 bilh\u00f5es exportados pelo pa\u00eds ano passado. Em contrapartida, as importa\u00e7\u00f5es dever\u00e3o atingir US$ 245,2 bilh\u00f5es, recuo de 10% em rela\u00e7\u00e3o aos US$ 272,6 bilh\u00f5es comprados do exterior em 2022.<\/p>\n<p>Em rela\u00e7\u00e3o \u00e0 proje\u00e7\u00e3o anterior, divulgada em abril, tanto as exporta\u00e7\u00f5es como as importa\u00e7\u00f5es subiram levemente. \u201cEm rela\u00e7\u00e3o \u00e0 primeira previs\u00e3o, houve aumento de cerca de US$ 5 bilh\u00f5es em importa\u00e7\u00e3o e tamb\u00e9m em exporta\u00e7\u00e3o. As expectativas est\u00e3o em linha\u201d, declarou o subsecret\u00e1rio de Intelig\u00eancia e Estat\u00edsticas de Com\u00e9rcio Exterior do MDIC, Herlon Brand\u00e3o.<\/p>\n<h2>Fatores<\/h2>\n<p>Segundo o MDIC, dois fatores est\u00e3o por tr\u00e1s do saldo recorde em 2023. Por um lado, os pre\u00e7os de commodities energ\u00e9ticas, como o petr\u00f3leo, e de itens como fertilizantes, est\u00e3o em tend\u00eancia de queda ap\u00f3s atingirem um pico no in\u00edcio da guerra entre R\u00fassia e Ucr\u00e2nia. Por outro lado, a desacelera\u00e7\u00e3o da economia deve provocar queda nas importa\u00e7\u00f5es, por causa da retra\u00e7\u00e3o do consumo.<\/p>\n<p>A guerra entre R\u00fassia e Ucr\u00e2nia tem impactado as importa\u00e7\u00f5es nos \u00faltimos meses. Os pre\u00e7os internacionais dos adubos e dos fertilizantes ca\u00edram 55,2% em junho, na compara\u00e7\u00e3o com o mesmo m\u00eas do ano passado. O pre\u00e7o m\u00e9dio dos combust\u00edveis importados diminuiu 40,4% na mesma compara\u00e7\u00e3o. O pre\u00e7o m\u00e9dio do trigo, outro produto que o Brasil importa em grande quantidade, cai 18,6%.<\/p>\n<p><span style=\"font-weight: 400;\">Fonte: Ag\u00eancia Brasil <\/span><\/p>\n","protected":false},"excerpt":{"rendered":"<p>O leve aumento de exporta\u00e7\u00f5es e de importa\u00e7\u00f5es de produtos cujos pre\u00e7os arrefeceram nos \u00faltimos meses fez o Minist\u00e9rio do Desenvolvimento, Ind\u00fastria, Com\u00e9rcio e Servi\u00e7os (MDIC) projetar super\u00e1vit comercial (exporta\u00e7\u00f5es menos importa\u00e7\u00f5es) recorde em 2023. A segunda estimativa do ano prev\u00ea super\u00e1vit de US$ 84,7 bilh\u00f5es. A proje\u00e7\u00e3o \u00e9 atualizada a cada tr\u00eas meses. Caso [&hellip;]<\/p>\n","protected":false},"author":246,"featured_media":215575,"comment_status":"closed","ping_status":"closed","sticky":false,"template":"","format":"standard","meta":{"footnotes":""},"categories":[436,261,439],"tags":[],"class_list":["post-215574","post","type-post","status-publish","format-standard","has-post-thumbnail","hentry","category-destaque-da-semana","category-economia","category-ultima-hora"],"_links":{"self":[{"href":"https:\/\/diarioregionaldigital.com.br\/index.php?rest_route=\/wp\/v2\/posts\/215574","targetHints":{"allow":["GET"]}}],"collection":[{"href":"https:\/\/diarioregionaldigital.com.br\/index.php?rest_route=\/wp\/v2\/posts"}],"about":[{"href":"https:\/\/diarioregionaldigital.com.br\/index.php?rest_route=\/wp\/v2\/types\/post"}],"author":[{"embeddable":true,"href":"https:\/\/diarioregionaldigital.com.br\/index.php?rest_route=\/wp\/v2\/users\/246"}],"replies":[{"embeddable":true,"href":"https:\/\/diarioregionaldigital.com.br\/index.php?rest_route=%2Fwp%2Fv2%2Fcomments&post=215574"}],"version-history":[{"count":1,"href":"https:\/\/diarioregionaldigital.com.br\/index.php?rest_route=\/wp\/v2\/posts\/215574\/revisions"}],"predecessor-version":[{"id":215576,"href":"https:\/\/diarioregionaldigital.com.br\/index.php?rest_route=\/wp\/v2\/posts\/215574\/revisions\/215576"}],"wp:featuredmedia":[{"embeddable":true,"href":"https:\/\/diarioregionaldigital.com.br\/index.php?rest_route=\/wp\/v2\/media\/215575"}],"wp:attachment":[{"href":"https:\/\/diarioregionaldigital.com.br\/index.php?rest_route=%2Fwp%2Fv2%2Fmedia&parent=215574"}],"wp:term":[{"taxonomy":"category","embeddable":true,"href":"https:\/\/diarioregionaldigital.com.br\/index.php?rest_route=%2Fwp%2Fv2%2Fcategories&post=215574"},{"taxonomy":"post_tag","embeddable":true,"href":"https:\/\/diarioregionaldigital.com.br\/index.php?rest_route=%2Fwp%2Fv2%2Ftags&post=215574"}],"curies":[{"name":"wp","href":"https:\/\/api.w.org\/{rel}","templated":true}]}}