{"id":215571,"date":"2023-07-03T20:44:54","date_gmt":"2023-07-03T23:44:54","guid":{"rendered":"https:\/\/diarioregionaldigital.com.br\/?p=215571"},"modified":"2023-07-03T20:44:54","modified_gmt":"2023-07-03T23:44:54","slug":"fazenda-elevara-projecao-de-crescimento-do-pib-para-25-a-3","status":"publish","type":"post","link":"https:\/\/diarioregionaldigital.com.br\/?p=215571","title":{"rendered":"Fazenda elevar\u00e1 proje\u00e7\u00e3o de crescimento do PIB para 2,5% a 3%"},"content":{"rendered":"<p>A estimativa oficial de crescimento do Produto Interno Bruto (PIB, soma dos bens e servi\u00e7os produzidos) subir\u00e1 de 2,5% para 3% em 2023, disse nesta segunda-feira (3) o secret\u00e1rio de Pol\u00edtica Econ\u00f4mica do Minist\u00e9rio da Fazenda, Guilherme Mello. A nova proje\u00e7\u00e3o ser\u00e1 divulgada no fim do m\u00eas, quando a pasta apresentar as novas estimativas para o Relat\u00f3rio Bimestral de Avalia\u00e7\u00e3o de Receitas e Despesas.<img decoding=\"async\" src=\"https:\/\/agenciabrasil.ebc.com.br\/ebc.png?id=1541821&amp;o=node\" \/><img decoding=\"async\" src=\"https:\/\/agenciabrasil.ebc.com.br\/ebc.gif?id=1541821&amp;o=node\" \/><\/p>\n<p>\u201cNossa previs\u00e3o inicial era de 2%, enquanto o mercado esperava menos de 1%. Mas este cen\u00e1rio ser\u00e1 revisado para cima. Estamos mais pr\u00f3ximos da realidade de crescimento de 2,5% a 3% esse ano\u201d, afirmou o secret\u00e1rio, que representou o ministro da Fazenda, Fernando Haddad, na instala\u00e7\u00e3o da Comiss\u00e3o Tem\u00e1tica de Assuntos Econ\u00f4micos do Conselh\u00e3o.<\/p>\n<p>Em maio, a Fazenda tinha projetado\u00a0<a href=\"https:\/\/agenciabrasil.ebc.com.br\/economia\/noticia\/2023-05\/governo-revisa-previsao-de-crescimento-do-pib-para-19-em-2023\" target=\"_blank\" rel=\"noopener\">crescimento de 1,91%<\/a>\u00a0para a economia brasileira neste ano. Na semana passada, o Banco Central (BC) divulgou uma estimativa mais otimista, de\u00a0<a href=\"https:\/\/agenciabrasil.ebc.com.br\/economia\/noticia\/2023-06\/bc-aumenta-projecao-de-crescimento-do-pib-de-12-para-2\" target=\"_blank\" rel=\"noopener\">2% de expans\u00e3o<\/a>, no Relat\u00f3rio de Infla\u00e7\u00e3o de junho.<\/p>\n<h2>Harmoniza\u00e7\u00e3o<\/h2>\n<p>Diferentemente da estimativa do BC, a Secretaria de Pol\u00edtica Econ\u00f4mica ainda n\u00e3o considera o crescimento de\u00a0<a href=\"https:\/\/agenciabrasil.ebc.com.br\/economia\/noticia\/2023-06\/economia-brasileira-cresce-19-no-primeiro-trimestre-deste-ano\" target=\"_blank\" rel=\"noopener\">1,9% do PIB<\/a>\u00a0no primeiro trimestre, que surpreendeu os especialistas. Segundo Mello, a queda na infla\u00e7\u00e3o e a prov\u00e1vel redu\u00e7\u00e3o nos juros no segundo semestre impulsionar\u00e3o ainda mais o crescimento.<\/p>\n<p>\u201cEst\u00e3o dadas as condi\u00e7\u00f5es para um ciclo de harmoniza\u00e7\u00e3o entre a pol\u00edtica fiscal e monet\u00e1ria. Estamos na expectativa de que esse ciclo se consolide o quanto antes\u201d, declarou Mello. O secret\u00e1rio citou projetos em tramita\u00e7\u00e3o no Congresso, como o novo arcabou\u00e7o fiscal e o novo marco legal de garantias, como fatores que contribuir\u00e3o para a melhoria da economia. \u201cEstamos fazendo um trabalho muito duro no fiscal [na pol\u00edtica fiscal]\u201d, afirmou.<\/p>\n<p>Na avalia\u00e7\u00e3o de Mello, essas a\u00e7\u00f5es, em conjunto com a mudan\u00e7a no sistema de meta de infla\u00e7\u00e3o, de ano-calend\u00e1rio para cont\u00ednua, informado pelo Conselho Monet\u00e1rio Nacional (CMN) na semana passada, ajudar\u00e3o a harmonizar as pol\u00edticas fiscal e monet\u00e1ria, o que refletir\u00e1 na taxa de juros.<\/p>\n<p>O secret\u00e1rio tamb\u00e9m citou a mudan\u00e7a no sistema de meta de infla\u00e7\u00e3o, de ano-calend\u00e1rio para cont\u00ednuo a partir de 2025,\u00a0<a href=\"https:\/\/agenciabrasil.ebc.com.br\/economia\/noticia\/2023-06\/meta-de-inflacao-passa-a-ser-continua-a-partir-de-2025\" target=\"_blank\" rel=\"noopener\">aprovada na semana passada<\/a>\u00a0pelo Conselho Monet\u00e1rio Nacional (CMN), como fator que dever\u00e1 contribuir para a queda dos juros em breve.<\/p>\n<h2>Reforma tribut\u00e1ria<\/h2>\n<p>Tamb\u00e9m presente na instala\u00e7\u00e3o da comiss\u00e3o tem\u00e1tica, o secret\u00e1rio extraordin\u00e1rio da Reforma Tribut\u00e1ria, Bernard Appy, disse que a segunda etapa da reforma, que prev\u00ea mudan\u00e7as no Imposto de Renda, est\u00e1 sendo desenvolvida. Em rela\u00e7\u00e3o \u00e0 primeira fase, que reformula a tributa\u00e7\u00e3o sobre o consumo e enfrenta resist\u00eancia de alguns governadores e prefeitos, Appy afirmou estar confiante na aprova\u00e7\u00e3o do relat\u00f3rio do deputado Aguinaldo Ribeiro (PP-PB) &lt;https:\/\/agenciabrasil.ebc.com.br\/economia\/noticia\/2023-06\/entenda-o-relatorio-da-reforma-tributaria-ser-votado-na-camara&gt;.<\/p>\n<p>\u201cO relat\u00f3rio avan\u00e7ou muito na constru\u00e7\u00e3o de um texto que permita sua aprova\u00e7\u00e3o. Esta ser\u00e1 uma semana de negocia\u00e7\u00f5es finais\u201d, declarou o secret\u00e1rio extraordin\u00e1rio. Appy ressaltou que a primeira fase da reforma beneficiar\u00e1 todos os estados e quase todos os munic\u00edpios. Mesmo com queixas do setor de servi\u00e7os e de supermercados, ele disse que todos os setores da economia ser\u00e3o beneficiados.<\/p>\n<p>O secret\u00e1rio voltou a destacar que a reforma n\u00e3o elevar\u00e1 a carga tribut\u00e1ria. \u201cObviamente, o ideal no longo prazo seria at\u00e9 reduzir a carga sobre o consumo. Infelizmente, a situa\u00e7\u00e3o fiscal do pa\u00eds n\u00e3o permite que a gente fa\u00e7a isso no curto prazo, mas existe o compromisso absoluto do governo de que n\u00e3o haver\u00e1 esse aumento de carga tribut\u00e1ria durante a transi\u00e7\u00e3o\u201d, concluiu Appy.<\/p>\n<h2>Congresso<\/h2>\n<p>Para acelerar a tramita\u00e7\u00e3o da reforma tribut\u00e1ria, o presidente da C\u00e2mara dos Deputados, Arthur Lira, iniciou a an\u00e1lise do relat\u00f3rio no plen\u00e1rio da Casa nesta segunda. Em sua conta na rede social Twitter, ele informou que o tema ser\u00e1 uma das prioridades dos deputados nos pr\u00f3ximos dias.<\/p>\n<p>No esfor\u00e7o concentrado que promove nesta semana, o primeiro projeto a ser votado ser\u00e1 o que retoma o voto de desempate no Conselho Administrativo de Recursos Fiscais (Carf), que tranca a pauta. At\u00e9 sexta-feira (7), a C\u00e2mara promove um esfor\u00e7o concentrado para votar a reforma, o projeto do Carf e o novo arcabou\u00e7o fiscal.<\/p>\n<p><span style=\"font-weight: 400;\">Fonte: Ag\u00eancia Brasil <\/span><\/p>\n","protected":false},"excerpt":{"rendered":"<p>A estimativa oficial de crescimento do Produto Interno Bruto (PIB, soma dos bens e servi\u00e7os produzidos) subir\u00e1 de 2,5% para 3% em 2023, disse nesta segunda-feira (3) o secret\u00e1rio de Pol\u00edtica Econ\u00f4mica do Minist\u00e9rio da Fazenda, Guilherme Mello. A nova proje\u00e7\u00e3o ser\u00e1 divulgada no fim do m\u00eas, quando a pasta apresentar as novas estimativas para [&hellip;]<\/p>\n","protected":false},"author":246,"featured_media":215572,"comment_status":"closed","ping_status":"closed","sticky":false,"template":"","format":"standard","meta":{"footnotes":""},"categories":[436,440,261,439],"tags":[],"class_list":["post-215571","post","type-post","status-publish","format-standard","has-post-thumbnail","hentry","category-destaque-da-semana","category-destaques-do-dia","category-economia","category-ultima-hora"],"_links":{"self":[{"href":"https:\/\/diarioregionaldigital.com.br\/index.php?rest_route=\/wp\/v2\/posts\/215571","targetHints":{"allow":["GET"]}}],"collection":[{"href":"https:\/\/diarioregionaldigital.com.br\/index.php?rest_route=\/wp\/v2\/posts"}],"about":[{"href":"https:\/\/diarioregionaldigital.com.br\/index.php?rest_route=\/wp\/v2\/types\/post"}],"author":[{"embeddable":true,"href":"https:\/\/diarioregionaldigital.com.br\/index.php?rest_route=\/wp\/v2\/users\/246"}],"replies":[{"embeddable":true,"href":"https:\/\/diarioregionaldigital.com.br\/index.php?rest_route=%2Fwp%2Fv2%2Fcomments&post=215571"}],"version-history":[{"count":1,"href":"https:\/\/diarioregionaldigital.com.br\/index.php?rest_route=\/wp\/v2\/posts\/215571\/revisions"}],"predecessor-version":[{"id":215573,"href":"https:\/\/diarioregionaldigital.com.br\/index.php?rest_route=\/wp\/v2\/posts\/215571\/revisions\/215573"}],"wp:featuredmedia":[{"embeddable":true,"href":"https:\/\/diarioregionaldigital.com.br\/index.php?rest_route=\/wp\/v2\/media\/215572"}],"wp:attachment":[{"href":"https:\/\/diarioregionaldigital.com.br\/index.php?rest_route=%2Fwp%2Fv2%2Fmedia&parent=215571"}],"wp:term":[{"taxonomy":"category","embeddable":true,"href":"https:\/\/diarioregionaldigital.com.br\/index.php?rest_route=%2Fwp%2Fv2%2Fcategories&post=215571"},{"taxonomy":"post_tag","embeddable":true,"href":"https:\/\/diarioregionaldigital.com.br\/index.php?rest_route=%2Fwp%2Fv2%2Ftags&post=215571"}],"curies":[{"name":"wp","href":"https:\/\/api.w.org\/{rel}","templated":true}]}}