{"id":215567,"date":"2023-07-02T06:00:37","date_gmt":"2023-07-02T09:00:37","guid":{"rendered":"https:\/\/diarioregionaldigital.com.br\/?p=215567"},"modified":"2023-06-30T22:56:31","modified_gmt":"2023-07-01T01:56:31","slug":"consideracoes-sobre-a-fe-parte-01","status":"publish","type":"post","link":"https:\/\/diarioregionaldigital.com.br\/?p=215567","title":{"rendered":"Considera\u00e7\u00f5es sobre a f\u00e9 &#8211; parte 01"},"content":{"rendered":"<p>Uma das palavras mais importantes do nosso vocabul\u00e1rio \u00e9 \u201cf\u00e9\u201d, mas voc\u00ea j\u00e1 meditou exaustivamente sobre sua defini\u00e7\u00e3o e significado pr\u00e1tico?<\/p>\n<p>Vamos tom\u00e1-la a partir de hoje na perspectiva de responder a cinco perguntas b\u00e1sicas: \u201co que\u201d, \u201dpor que\u201d,\u201dpara que\u201d, \u201cquem\u201d e \u201ccomo\u201d.<\/p>\n<p>Iniciando com a resposta b\u00edblica para a pergunta: o que \u00e9 f\u00e9?<\/p>\n<p>\u201cA f\u00e9 \u00e9 a certeza de que vamos receber as coisas que esperamos e a prova de que existem coisas que n\u00e3o podemos ver\u201d (Hebreus 11: 1).<\/p>\n<p>F\u00e9 \u00e9 a convic\u00e7\u00e3o de que Deus \u00e9 poderoso para realizar maravilhas que fogem ao alcance da raz\u00e3o humana. \u00c9 a firme certeza de que Ele est\u00e1 disposto a atender aos nossos pedidos mesmo que tais aparentem humanamente improv\u00e1veis ou at\u00e9 mesmo imposs\u00edveis.<\/p>\n<p>A f\u00e9 causa controv\u00e9rsias justamente por n\u00e3o poder ser explicada pela dimens\u00e3o intelectual, pois, como \u00e9 parte do divino, transcende aquilo que n\u00f3s somos capazes de demonstrar com os recursos que dispomos no mundo material.<\/p>\n<p>O Alt\u00edssimo n\u00e3o est\u00e1 contido pelas leis da natureza nem pela nossa l\u00f3gica, est\u00e1 al\u00e9m do tempo, do espa\u00e7o e da mat\u00e9ria, por isso Seus atos ultrapassam os limites da nossa cogni\u00e7\u00e3o.<\/p>\n<p>Da\u00ed que para alguns \u00e9 loucura, por\u00e9m, para outros, a f\u00e9 \u00e9 salva\u00e7\u00e3o!<\/p>\n<p>\u201cVisto que, na sabedoria de Deus, o mundo n\u00e3o o conheceu por meio da sabedoria humana, agradou a Deus salvar aqueles que cr\u00eaem por meio da loucura da prega\u00e7\u00e3o\u201d (1 Cor\u00edntios 1: 21).<\/p>\n<p>A sabedoria que vem da f\u00e9 nos leva a confiar em Deus de tal maneira que cremos ser poss\u00edvel aquilo que n\u00e3o somos capazes de explicar e de que devemos lidar com coisas existentes que n\u00e3o podemos ver:<\/p>\n<p>\u201cPorque vivemos por f\u00e9, e n\u00e3o pelo que vemos\u201d (2 Cor\u00edntios 5: 7).<\/p>\n<p>Quem anda por vista considera um absurdo, quem anda por f\u00e9, enxerga atrav\u00e9s da f\u00e9 o que o mundo \u00e9 incapaz de assistir: a manifesta\u00e7\u00e3o do poder de Deus!<\/p>\n","protected":false},"excerpt":{"rendered":"<p>Uma das palavras mais importantes do nosso vocabul\u00e1rio \u00e9 \u201cf\u00e9\u201d, mas voc\u00ea j\u00e1 meditou exaustivamente sobre sua defini\u00e7\u00e3o e significado pr\u00e1tico? Vamos tom\u00e1-la a partir de hoje na perspectiva de responder a cinco perguntas b\u00e1sicas: \u201co que\u201d, \u201dpor que\u201d,\u201dpara que\u201d, \u201cquem\u201d e \u201ccomo\u201d. Iniciando com a resposta b\u00edblica para a pergunta: o que \u00e9 f\u00e9? [&hellip;]<\/p>\n","protected":false},"author":96,"featured_media":0,"comment_status":"closed","ping_status":"closed","sticky":false,"template":"","format":"standard","meta":{"footnotes":""},"categories":[1244],"tags":[],"class_list":["post-215567","post","type-post","status-publish","format-standard","hentry","category-oleg-abramov"],"_links":{"self":[{"href":"https:\/\/diarioregionaldigital.com.br\/index.php?rest_route=\/wp\/v2\/posts\/215567","targetHints":{"allow":["GET"]}}],"collection":[{"href":"https:\/\/diarioregionaldigital.com.br\/index.php?rest_route=\/wp\/v2\/posts"}],"about":[{"href":"https:\/\/diarioregionaldigital.com.br\/index.php?rest_route=\/wp\/v2\/types\/post"}],"author":[{"embeddable":true,"href":"https:\/\/diarioregionaldigital.com.br\/index.php?rest_route=\/wp\/v2\/users\/96"}],"replies":[{"embeddable":true,"href":"https:\/\/diarioregionaldigital.com.br\/index.php?rest_route=%2Fwp%2Fv2%2Fcomments&post=215567"}],"version-history":[{"count":1,"href":"https:\/\/diarioregionaldigital.com.br\/index.php?rest_route=\/wp\/v2\/posts\/215567\/revisions"}],"predecessor-version":[{"id":215568,"href":"https:\/\/diarioregionaldigital.com.br\/index.php?rest_route=\/wp\/v2\/posts\/215567\/revisions\/215568"}],"wp:attachment":[{"href":"https:\/\/diarioregionaldigital.com.br\/index.php?rest_route=%2Fwp%2Fv2%2Fmedia&parent=215567"}],"wp:term":[{"taxonomy":"category","embeddable":true,"href":"https:\/\/diarioregionaldigital.com.br\/index.php?rest_route=%2Fwp%2Fv2%2Fcategories&post=215567"},{"taxonomy":"post_tag","embeddable":true,"href":"https:\/\/diarioregionaldigital.com.br\/index.php?rest_route=%2Fwp%2Fv2%2Ftags&post=215567"}],"curies":[{"name":"wp","href":"https:\/\/api.w.org\/{rel}","templated":true}]}}