{"id":215565,"date":"2023-07-02T06:00:51","date_gmt":"2023-07-02T09:00:51","guid":{"rendered":"https:\/\/diarioregionaldigital.com.br\/?p=215565"},"modified":"2023-06-30T22:55:23","modified_gmt":"2023-07-01T01:55:23","slug":"88-novas-escolas","status":"publish","type":"post","link":"https:\/\/diarioregionaldigital.com.br\/?p=215565","title":{"rendered":"88 novas escolas"},"content":{"rendered":"<p>Cada inaugura\u00e7\u00e3o de escola, no per\u00edodo 79 a 83, foi uma alegria imensa. Foram 88 no nosso \u00a0mandato, na Secretaria de Estado de Educa\u00e7\u00e3o e Cultura do Rio de Janeiro. Esse feito tornou-se poss\u00edvel gra\u00e7as a uma s\u00e1bia decis\u00e3o do ent\u00e3o governador Chagas Freitas. Logo no come\u00e7o do Governo, chamou \u00e0 sua presen\u00e7a o\u00a0 Secret\u00e1rio de Planejamento Francisco Melo Franco e, na nossa frente, determinou convictamente: \u201cVamos dar ao Niskier 33% do or\u00e7amento. Sei que a lei manda dar 25%, mas eu quero estabelecer esse diferencial. Sei que ele vai saber utilizar adequadamente essa verba.\u201d<\/p>\n<p>Assim, pudemos dar substanciais aumentos salariais aos professores e especialistas de at\u00e9 1000% e fazer novas escolas onde o Estado mais precisava.<\/p>\n<p>Entre elas, quero me recordar de algumas, como a inaugura\u00e7\u00e3o do Centro Inter-Escolar Walter Orlandini em S\u00e3o Gon\u00e7alo; o C.I.E. Juscelino \u00a0Kubitschek, no Rio, com a presen\u00e7a de D.Sarah Kubitschek e o C.I.E Raimundo Magalh\u00e3es, em S\u00e3o Jo\u00e3o da Barra, todas em 1980. No ano seguinte, esse n\u00famero aumentou significativamente e passaram \u00a0a funcionar as escolas Jo\u00e3o Paulo II (Mangaratiba), Jo\u00e3o Luiz do Nascimento (Nova Igua\u00e7u), Armando Dias (Japeri), Ant\u00f4nio Pechi (Cordeiro), F\u00e9lix Miranda (Campos), Prudente de Moraes (Miracema), Elv\u00eddio Costa (S\u00e3o Fid\u00e9lis), Edmundo Silva (Araruama) e muitas outras, num ano que podemos classificar de \u00e9pico para a educa\u00e7\u00e3o fluminense.<\/p>\n<p>Em 1982 demos curso ao programa de inaugura\u00e7\u00f5es com o \u00a0C.E.Vicente Januzzi, na Barra da Tijuca, que foi a primeira escola a oferecer ensino de 2\u00ba grau p\u00fablico naquela regi\u00e3o e o C.I.E de Agropecu\u00e1ria Sylvio de Campos (Miracema), al\u00e9m da E.E.Antonina Ramos Freire (Resende).<\/p>\n<p>Como se v\u00ea por esses exemplos, era um consistente programa de abertura de novas vagas, na rede p\u00fablica, que tornamos efetivo. Deixou de ser apenas promessa.<\/p>\n","protected":false},"excerpt":{"rendered":"<p>Cada inaugura\u00e7\u00e3o de escola, no per\u00edodo 79 a 83, foi uma alegria imensa. Foram 88 no nosso \u00a0mandato, na Secretaria de Estado de Educa\u00e7\u00e3o e Cultura do Rio de Janeiro. Esse feito tornou-se poss\u00edvel gra\u00e7as a uma s\u00e1bia decis\u00e3o do ent\u00e3o governador Chagas Freitas. Logo no come\u00e7o do Governo, chamou \u00e0 sua presen\u00e7a o\u00a0 Secret\u00e1rio [&hellip;]<\/p>\n","protected":false},"author":96,"featured_media":0,"comment_status":"closed","ping_status":"closed","sticky":false,"template":"","format":"standard","meta":{"footnotes":""},"categories":[275],"tags":[],"class_list":["post-215565","post","type-post","status-publish","format-standard","hentry","category-arnaldo-niskier"],"_links":{"self":[{"href":"https:\/\/diarioregionaldigital.com.br\/index.php?rest_route=\/wp\/v2\/posts\/215565","targetHints":{"allow":["GET"]}}],"collection":[{"href":"https:\/\/diarioregionaldigital.com.br\/index.php?rest_route=\/wp\/v2\/posts"}],"about":[{"href":"https:\/\/diarioregionaldigital.com.br\/index.php?rest_route=\/wp\/v2\/types\/post"}],"author":[{"embeddable":true,"href":"https:\/\/diarioregionaldigital.com.br\/index.php?rest_route=\/wp\/v2\/users\/96"}],"replies":[{"embeddable":true,"href":"https:\/\/diarioregionaldigital.com.br\/index.php?rest_route=%2Fwp%2Fv2%2Fcomments&post=215565"}],"version-history":[{"count":1,"href":"https:\/\/diarioregionaldigital.com.br\/index.php?rest_route=\/wp\/v2\/posts\/215565\/revisions"}],"predecessor-version":[{"id":215566,"href":"https:\/\/diarioregionaldigital.com.br\/index.php?rest_route=\/wp\/v2\/posts\/215565\/revisions\/215566"}],"wp:attachment":[{"href":"https:\/\/diarioregionaldigital.com.br\/index.php?rest_route=%2Fwp%2Fv2%2Fmedia&parent=215565"}],"wp:term":[{"taxonomy":"category","embeddable":true,"href":"https:\/\/diarioregionaldigital.com.br\/index.php?rest_route=%2Fwp%2Fv2%2Fcategories&post=215565"},{"taxonomy":"post_tag","embeddable":true,"href":"https:\/\/diarioregionaldigital.com.br\/index.php?rest_route=%2Fwp%2Fv2%2Ftags&post=215565"}],"curies":[{"name":"wp","href":"https:\/\/api.w.org\/{rel}","templated":true}]}}