{"id":215558,"date":"2023-06-30T19:35:37","date_gmt":"2023-06-30T22:35:37","guid":{"rendered":"https:\/\/diarioregionaldigital.com.br\/?p=215558"},"modified":"2023-06-30T19:35:37","modified_gmt":"2023-06-30T22:35:37","slug":"sao-mateus-e-outros-24-bairros-sao-atendidos-pela-operacao-tapa-buracos-em-quatro-dias","status":"publish","type":"post","link":"https:\/\/diarioregionaldigital.com.br\/?p=215558","title":{"rendered":"S\u00e3o Mateus e outros 24 bairros s\u00e3o atendidos pela opera\u00e7\u00e3o tapa-buracos em quatro dias"},"content":{"rendered":"<p>Segundo informa\u00e7\u00f5es do site da Prefeitura de Juiz de Fora (PJF), a\u00a0opera\u00e7\u00e3o tapa-buracos segue a todo vapor atendendo a diversos bairros da cidade. Apenas nesta semana, entre os dias 26, segunda-feira, e 29, quinta-feira, as equipes da Prefeitura de Juiz de Fora (PJF) estiveram em 25 bairros realizando os servi\u00e7os de recomposi\u00e7\u00e3o asf\u00e1ltica.<\/p>\n<p>&nbsp;<\/p>\n<p>Nas 56 vias que receberam as a\u00e7\u00f5es da Empresa Municipal de Pavimenta\u00e7\u00e3o e Urbanidades (Empav), foram aplicadas mais de 570 toneladas de CBUQ (massa asf\u00e1ltica). Entre os bairros atendidos, no S\u00e3o Mateus, destaque para as ruas S\u00e3o Mateus, Doutor Romualdo e Doutor Oswaldo Aranha. Em Fontesville, os trabalhos se concentraram nas ruas Celma Moreira Silveira e Rafael Sans\u00e3o.<\/p>\n<p>&nbsp;<\/p>\n<p><strong>Confira a lista completa de bairros atendidos no per\u00edodo:<\/strong><\/p>\n<p>Aeroporto<\/p>\n<p>Ara\u00fajo<\/p>\n<p>Benfica<\/p>\n<p>Bom Clima<\/p>\n<p>Centro<\/p>\n<p>Cer\u00e2mica<\/p>\n<p>Costa Carvalho<\/p>\n<p>Distrito Industrial<\/p>\n<p>Fontesville<\/p>\n<p>Granjas Bethel<\/p>\n<p>Jardim Am\u00e9rica<\/p>\n<p>Jardim Ga\u00facho<\/p>\n<p>J\u00f3quei Clube I<\/p>\n<p>J\u00f3quei Clube III<\/p>\n<p>Manoel Hon\u00f3rio<\/p>\n<p>Nossa Senhora de Lourdes<\/p>\n<p>Palmital<\/p>\n<p>Quintas das Avenidas II<\/p>\n<p>Santa Cruz<\/p>\n<p>Santa Efig\u00eania<\/p>\n<p>Santa Rita<\/p>\n<p>Santos Dumont<\/p>\n<p>S\u00e3o Mateus<\/p>\n<p>Vina Del Mar<\/p>\n<p>Vitorino Braga<\/p>\n<p>As a\u00e7\u00f5es seguem em andamento na cidade e a programa\u00e7\u00e3o di\u00e1ria completa pode ser conferida na p\u00e1gina do Gabinete de A\u00e7\u00e3o e Di\u00e1logo Comunit\u00e1rio atrav\u00e9s do<a href=\"https:\/\/www.pjf.mg.gov.br\/gabinetecomunitario\/#onde\">\u00a0<strong>link<\/strong><\/a>. Para solicitar servi\u00e7os de zeladoria em vias p\u00fablicas, como tapa-buracos, poda e corte de \u00e1rvores, limpeza de pra\u00e7as e outros, entre em contato com o Gabinete de A\u00e7\u00e3o e Di\u00e1logo Comunit\u00e1rio, atrav\u00e9s do telefone (32) 3690-7241 (liga\u00e7\u00e3o ou WhatsApp).<\/p>\n","protected":false},"excerpt":{"rendered":"<p>Segundo informa\u00e7\u00f5es do site da Prefeitura de Juiz de Fora (PJF), a\u00a0opera\u00e7\u00e3o tapa-buracos segue a todo vapor atendendo a diversos bairros da cidade. Apenas nesta semana, entre os dias 26, segunda-feira, e 29, quinta-feira, as equipes da Prefeitura de Juiz de Fora (PJF) estiveram em 25 bairros realizando os servi\u00e7os de recomposi\u00e7\u00e3o asf\u00e1ltica. &nbsp; Nas [&hellip;]<\/p>\n","protected":false},"author":246,"featured_media":215559,"comment_status":"closed","ping_status":"closed","sticky":false,"template":"","format":"standard","meta":{"footnotes":""},"categories":[253,436,439],"tags":[],"class_list":["post-215558","post","type-post","status-publish","format-standard","has-post-thumbnail","hentry","category-cidade","category-destaque-da-semana","category-ultima-hora"],"_links":{"self":[{"href":"https:\/\/diarioregionaldigital.com.br\/index.php?rest_route=\/wp\/v2\/posts\/215558","targetHints":{"allow":["GET"]}}],"collection":[{"href":"https:\/\/diarioregionaldigital.com.br\/index.php?rest_route=\/wp\/v2\/posts"}],"about":[{"href":"https:\/\/diarioregionaldigital.com.br\/index.php?rest_route=\/wp\/v2\/types\/post"}],"author":[{"embeddable":true,"href":"https:\/\/diarioregionaldigital.com.br\/index.php?rest_route=\/wp\/v2\/users\/246"}],"replies":[{"embeddable":true,"href":"https:\/\/diarioregionaldigital.com.br\/index.php?rest_route=%2Fwp%2Fv2%2Fcomments&post=215558"}],"version-history":[{"count":1,"href":"https:\/\/diarioregionaldigital.com.br\/index.php?rest_route=\/wp\/v2\/posts\/215558\/revisions"}],"predecessor-version":[{"id":215560,"href":"https:\/\/diarioregionaldigital.com.br\/index.php?rest_route=\/wp\/v2\/posts\/215558\/revisions\/215560"}],"wp:featuredmedia":[{"embeddable":true,"href":"https:\/\/diarioregionaldigital.com.br\/index.php?rest_route=\/wp\/v2\/media\/215559"}],"wp:attachment":[{"href":"https:\/\/diarioregionaldigital.com.br\/index.php?rest_route=%2Fwp%2Fv2%2Fmedia&parent=215558"}],"wp:term":[{"taxonomy":"category","embeddable":true,"href":"https:\/\/diarioregionaldigital.com.br\/index.php?rest_route=%2Fwp%2Fv2%2Fcategories&post=215558"},{"taxonomy":"post_tag","embeddable":true,"href":"https:\/\/diarioregionaldigital.com.br\/index.php?rest_route=%2Fwp%2Fv2%2Ftags&post=215558"}],"curies":[{"name":"wp","href":"https:\/\/api.w.org\/{rel}","templated":true}]}}