{"id":215552,"date":"2023-06-30T19:31:04","date_gmt":"2023-06-30T22:31:04","guid":{"rendered":"https:\/\/diarioregionaldigital.com.br\/?p=215552"},"modified":"2023-06-30T19:31:04","modified_gmt":"2023-06-30T22:31:04","slug":"pjf-entrega-pavimentacao-na-av-rubens-pinto-da-silva","status":"publish","type":"post","link":"https:\/\/diarioregionaldigital.com.br\/?p=215552","title":{"rendered":"PJF entrega pavimenta\u00e7\u00e3o na Av. Rubens Pinto da Silva"},"content":{"rendered":"<p>Segundo informa\u00e7\u00f5es do site da Prefeitura de Juiz de Fora (PJF), a\u00a0prefeita de Juiz de Fora, Margarida Salom\u00e3o, entregou na noite desta quinta-feira, 29, a pavimenta\u00e7\u00e3o completa da Avenida Rubens Pinto da Silva. O local \u00e9 uma nova conex\u00e3o importante para os moradores da Zona Sul, especialmente nos bairros Jardim Ga\u00facho e Sagrado Cora\u00e7\u00e3o de Jesus, para a Avenida Deusdedith Salgado. Com essa conex\u00e3o direta, os moradores n\u00e3o precisam passar pelos bairros Ipiranga, Santa Luzia, para chegar ao Centro ou at\u00e9 a avenida BR 040.<br \/>\nSegundo a prefeita, a nova interven\u00e7\u00e3o \u00e9 de grande import\u00e2ncia para a comunidade, que espera por este projeto h\u00e1 anos. \u201cA hist\u00f3ria dessa obra foi retomada. Quero saudar a Dona Marcinha, que est\u00e1 representando o Rubens nesta noite, que foi uma lideran\u00e7a importante da regi\u00e3o. Eu sempre soube, atrav\u00e9s das minhas campanhas, quais s\u00e3o os desejos das comunidades. E aqui sempre me falaram que era preciso fazer a liga\u00e7\u00e3o com a BR040. Era um sonho muito antigo dos bairros Sagrado Cora\u00e7\u00e3o, Vale Verde, Jardim Ga\u00facho, essa liga\u00e7\u00e3o direta com a Avenida Deusdedith Salgado. Todo mundo sabia que estava perto, mas n\u00e3o tinha acesso. Agora, juntamente com o empreendimento Estrela Alta, realizamos a liga\u00e7\u00e3o, isso sem contar a ilumina\u00e7\u00e3o de LED e a sinaliza\u00e7\u00e3o de toda a extens\u00e3o da via. Uma m\u00e3o na roda, que facilitou a mobilidade na cidade e principalmente das pessoas que moram aqui. Quero que aqui seja um elo de liga\u00e7\u00e3o da popula\u00e7\u00e3o que mora na zona sul com o centro de Juiz de Fora\u201d, afirma.<br \/>\nPara o diretor da Empav, Richard Tavares, a liga\u00e7\u00e3o entre os bairros da zona sul com a Avenida Deusdedith Salgado ir\u00e1 permitir uma maior fluidez no tr\u00e2nsito e possibilitar um deslocamento mais adequado aos moradores da regi\u00e3o. \u201cEssa interven\u00e7\u00e3o aqui \u00e9 uma importante liga\u00e7\u00e3o de quem vem da Deusdedith com o Jardim Ga\u00facho e a regi\u00e3o sul. Era uma via que estava completamente fechada, e foi feita na Av. Rubens Pinto da Silva 200 toneladas de asfalto, e pavimentamos quase 170 metros de via. Aqui vai ser um importante acesso para a comunidade. Antes tinha que dar uma volta e agora est\u00e1 mais pr\u00f3ximo do centro e das entradas da cidade\u201d.<br \/>\nO presidente da C\u00e2mara Municipal de Juiz de Fora, Jos\u00e9 M\u00e1rcio Lopes Guedes (Z\u00e9 M\u00e1rcio Garotinho) comenta que esta demanda \u00e9 antiga e deve ser celebrada por todos e todas. \u201c\u00c9 um pedido antigo dos moradores, \u00e9 uma via interbairros, ela liga a regi\u00e3o da Deusdedith Salgado a v\u00e1rios bairros da zona sul e de forma r\u00e1pida. Assim, as pessoas ganham tempo e qualidade de vida e desenvolvimento. \u00c9 uma demanda de d\u00e9cadas e que hoje est\u00e1 sendo cumprido\u201d .<\/p>\n","protected":false},"excerpt":{"rendered":"<p>Segundo informa\u00e7\u00f5es do site da Prefeitura de Juiz de Fora (PJF), a\u00a0prefeita de Juiz de Fora, Margarida Salom\u00e3o, entregou na noite desta quinta-feira, 29, a pavimenta\u00e7\u00e3o completa da Avenida Rubens Pinto da Silva. O local \u00e9 uma nova conex\u00e3o importante para os moradores da Zona Sul, especialmente nos bairros Jardim Ga\u00facho e Sagrado Cora\u00e7\u00e3o de [&hellip;]<\/p>\n","protected":false},"author":246,"featured_media":215553,"comment_status":"closed","ping_status":"closed","sticky":false,"template":"","format":"standard","meta":{"footnotes":""},"categories":[253,436,439],"tags":[],"class_list":["post-215552","post","type-post","status-publish","format-standard","has-post-thumbnail","hentry","category-cidade","category-destaque-da-semana","category-ultima-hora"],"_links":{"self":[{"href":"https:\/\/diarioregionaldigital.com.br\/index.php?rest_route=\/wp\/v2\/posts\/215552","targetHints":{"allow":["GET"]}}],"collection":[{"href":"https:\/\/diarioregionaldigital.com.br\/index.php?rest_route=\/wp\/v2\/posts"}],"about":[{"href":"https:\/\/diarioregionaldigital.com.br\/index.php?rest_route=\/wp\/v2\/types\/post"}],"author":[{"embeddable":true,"href":"https:\/\/diarioregionaldigital.com.br\/index.php?rest_route=\/wp\/v2\/users\/246"}],"replies":[{"embeddable":true,"href":"https:\/\/diarioregionaldigital.com.br\/index.php?rest_route=%2Fwp%2Fv2%2Fcomments&post=215552"}],"version-history":[{"count":1,"href":"https:\/\/diarioregionaldigital.com.br\/index.php?rest_route=\/wp\/v2\/posts\/215552\/revisions"}],"predecessor-version":[{"id":215554,"href":"https:\/\/diarioregionaldigital.com.br\/index.php?rest_route=\/wp\/v2\/posts\/215552\/revisions\/215554"}],"wp:featuredmedia":[{"embeddable":true,"href":"https:\/\/diarioregionaldigital.com.br\/index.php?rest_route=\/wp\/v2\/media\/215553"}],"wp:attachment":[{"href":"https:\/\/diarioregionaldigital.com.br\/index.php?rest_route=%2Fwp%2Fv2%2Fmedia&parent=215552"}],"wp:term":[{"taxonomy":"category","embeddable":true,"href":"https:\/\/diarioregionaldigital.com.br\/index.php?rest_route=%2Fwp%2Fv2%2Fcategories&post=215552"},{"taxonomy":"post_tag","embeddable":true,"href":"https:\/\/diarioregionaldigital.com.br\/index.php?rest_route=%2Fwp%2Fv2%2Ftags&post=215552"}],"curies":[{"name":"wp","href":"https:\/\/api.w.org\/{rel}","templated":true}]}}