{"id":215546,"date":"2023-06-30T19:20:10","date_gmt":"2023-06-30T22:20:10","guid":{"rendered":"https:\/\/diarioregionaldigital.com.br\/?p=215546"},"modified":"2023-06-30T19:20:10","modified_gmt":"2023-06-30T22:20:10","slug":"ouro-em-copa-do-mundo-de-remo-paralimpico-catarinense-se-sagra-campea-brasileira-da-modalidade","status":"publish","type":"post","link":"https:\/\/diarioregionaldigital.com.br\/?p=215546","title":{"rendered":"Ouro em Copa do Mundo de remo paral\u00edmpico, catarinense se sagra campe\u00e3 brasileira da modalidade"},"content":{"rendered":"<p>A remadora catarinense Josiane Lima, do clube Aldo Luz\/SC, foi campe\u00e3 individual da classe PR2 (remadores que possuem mobilidades nos troncos e nos bra\u00e7os) no Campeonato Brasileiro de remo paral\u00edmpico, neste domingo, 25, na Lagoa Rodrigo de Freitas, Rio de Janeiro. A atleta encerrou a dist\u00e2ncia em 10min31s99.<\/p>\n<p>Uma semana antes,\u00a0<u><strong><a href=\"https:\/\/www.cpb.org.br\/noticia\/detalhe\/5313\/catarinense-conquista-ouro-e-brasil-fecha-copa-do-mundo-da-italia-de-remo-paralimpico-com-tres-medalhas\" target=\"_blank\" rel=\"noopener\">Josiane havia subido ao lugar mais alto do p\u00f3dio<\/a><\/strong><\/u>, na mesma prova, durante a Copa do Mundo da modalidade, em Varese, It\u00e1lia.<\/p>\n<p><u><strong><a href=\"https:\/\/www.cpb.org.br\/noticia\/detalhe\/5307\/diana-barcelos-e-valdeni-junior-conquistam-prata-em-etapa-da-copa-do-mundo-da-italia-de-remo-paralimpico\" target=\"_blank\" rel=\"noopener\">Medalhistas de prata na competi\u00e7\u00e3o disputada em \u00e1guas italianas<\/a><\/strong><\/u>, Valdeni J\u00fanior e Diana Barcelos, do Flamengo\/RJ, tamb\u00e9m se sagraram campe\u00f5es brasileiros na capital fluminense, com o tempo de 7min29s71. A dupla foi ouro na prova de dupla mista PR3, que, inclusive, faz parte do\u00a0<u><strong><a href=\"https:\/\/www.cpb.org.br\/noticia\/detalhe\/4874\/confira-a-programacao-completa-dos-jogos-paralimpicos-de-paris-2024#:~:text=As%20provas%20ter%C3%A3o%20in%C3%ADcio%20no,nata%C3%A7%C3%A3o%2C%20v%C3%B4lei%20sentado%20e%20ciclismo.\" target=\"_blank\" rel=\"noopener\">programa dos Jogos Paral\u00edmpicos de Paris 2024.\u00a0<\/a><\/strong><\/u><\/p>\n<p>O Campeonato Brasileiro de remo paral\u00edmpico teve oito provas e reuniu 15 clubes de sete estados na Lagoa Rodrigo de Freitas (BA, ES, PE, RS, RJ, SC e SP). Na disputa entre equipes, o Flamengo ficou com o t\u00edtulo, seguido pelo Aldo Luz. Todos os resultados<u><strong><a href=\"http:\/\/www.remobrasil.com\/boletins\/resultados-oficiais\/198-temporada-2023\/2436-campeonato-brasileiro-de-para-remo\" target=\"_blank\" rel=\"noopener\">\u00a0podem ser vistos neste link.\u00a0<\/a><\/strong><\/u><\/p>\n<p><span style=\"font-weight: 400;\">Fonte: CPB<\/span><\/p>\n","protected":false},"excerpt":{"rendered":"<p>A remadora catarinense Josiane Lima, do clube Aldo Luz\/SC, foi campe\u00e3 individual da classe PR2 (remadores que possuem mobilidades nos troncos e nos bra\u00e7os) no Campeonato Brasileiro de remo paral\u00edmpico, neste domingo, 25, na Lagoa Rodrigo de Freitas, Rio de Janeiro. A atleta encerrou a dist\u00e2ncia em 10min31s99. Uma semana antes,\u00a0Josiane havia subido ao lugar [&hellip;]<\/p>\n","protected":false},"author":246,"featured_media":215547,"comment_status":"closed","ping_status":"closed","sticky":false,"template":"","format":"standard","meta":{"footnotes":""},"categories":[436,257,439],"tags":[],"class_list":["post-215546","post","type-post","status-publish","format-standard","has-post-thumbnail","hentry","category-destaque-da-semana","category-esporte","category-ultima-hora"],"_links":{"self":[{"href":"https:\/\/diarioregionaldigital.com.br\/index.php?rest_route=\/wp\/v2\/posts\/215546","targetHints":{"allow":["GET"]}}],"collection":[{"href":"https:\/\/diarioregionaldigital.com.br\/index.php?rest_route=\/wp\/v2\/posts"}],"about":[{"href":"https:\/\/diarioregionaldigital.com.br\/index.php?rest_route=\/wp\/v2\/types\/post"}],"author":[{"embeddable":true,"href":"https:\/\/diarioregionaldigital.com.br\/index.php?rest_route=\/wp\/v2\/users\/246"}],"replies":[{"embeddable":true,"href":"https:\/\/diarioregionaldigital.com.br\/index.php?rest_route=%2Fwp%2Fv2%2Fcomments&post=215546"}],"version-history":[{"count":1,"href":"https:\/\/diarioregionaldigital.com.br\/index.php?rest_route=\/wp\/v2\/posts\/215546\/revisions"}],"predecessor-version":[{"id":215548,"href":"https:\/\/diarioregionaldigital.com.br\/index.php?rest_route=\/wp\/v2\/posts\/215546\/revisions\/215548"}],"wp:featuredmedia":[{"embeddable":true,"href":"https:\/\/diarioregionaldigital.com.br\/index.php?rest_route=\/wp\/v2\/media\/215547"}],"wp:attachment":[{"href":"https:\/\/diarioregionaldigital.com.br\/index.php?rest_route=%2Fwp%2Fv2%2Fmedia&parent=215546"}],"wp:term":[{"taxonomy":"category","embeddable":true,"href":"https:\/\/diarioregionaldigital.com.br\/index.php?rest_route=%2Fwp%2Fv2%2Fcategories&post=215546"},{"taxonomy":"post_tag","embeddable":true,"href":"https:\/\/diarioregionaldigital.com.br\/index.php?rest_route=%2Fwp%2Fv2%2Ftags&post=215546"}],"curies":[{"name":"wp","href":"https:\/\/api.w.org\/{rel}","templated":true}]}}