{"id":215543,"date":"2023-06-30T19:18:35","date_gmt":"2023-06-30T22:18:35","guid":{"rendered":"https:\/\/diarioregionaldigital.com.br\/?p=215543"},"modified":"2023-06-30T19:18:35","modified_gmt":"2023-06-30T22:18:35","slug":"brasil-permanece-na-3a-posicao-do-ranking-de-selecoes-da-fifa","status":"publish","type":"post","link":"https:\/\/diarioregionaldigital.com.br\/?p=215543","title":{"rendered":"Brasil permanece na 3\u00aa posi\u00e7\u00e3o do ranking de sele\u00e7\u00f5es da Fifa"},"content":{"rendered":"<p>O Brasil permanece na terceira posi\u00e7\u00e3o do ranking de sele\u00e7\u00f5es masculinas da Fifa, que foi divulgado nesta quinta-feira (29). A rela\u00e7\u00e3o foi tornada p\u00fablica ap\u00f3s a equipe canarinho disputar duas partidas amistosas na Data Fifa de junho,\u00a0<a href=\"https:\/\/agenciabrasil.ebc.com.br\/esportes\/noticia\/2023-06\/vini-jr-fecha-goleada-de-4-1-contra-guine-em-jogo-contra-o-racismo\" target=\"_blank\" rel=\"noopener\">goleada de 4 a 1 sobre Guin\u00e9<\/a>, na Espanha, e\u00a0<a href=\"https:\/\/agenciabrasil.ebc.com.br\/esportes\/noticia\/2023-06\/selecao-brasileira-e-goleada-por-4-2-em-amistoso-com-senegal\" target=\"_blank\" rel=\"noopener\">derrota de 4 a 2 para Senegal<\/a>, em Portugal.<img decoding=\"async\" src=\"https:\/\/agenciabrasil.ebc.com.br\/ebc.png?id=1541181&amp;o=node\" \/><img decoding=\"async\" src=\"https:\/\/agenciabrasil.ebc.com.br\/ebc.gif?id=1541181&amp;o=node\" \/><\/p>\n<p>A ponta da classifica\u00e7\u00e3o continua com a atual campe\u00e3 Argentina, que chegou aos 1.843,73 pontos. J\u00e1 a vice-lideran\u00e7a \u00e9 da Fran\u00e7a, com 1.843,54 pontos. A sele\u00e7\u00e3o brasileira, que foi comandada nos jogos da Data Fifa pelo t\u00e9cnico interino Ramon Menezes, caiu para 1828,27.<\/p>\n<p>O top-10 de ranking de sele\u00e7\u00f5es da Fifa \u00e9 completado por Inglaterra (4\u00aa), B\u00e9lgica (5\u00aa), Cro\u00e1cia (6\u00aa), Holanda (7\u00aa), It\u00e1lia (8\u00aa), Portugal (9\u00aa) e Espanha (10\u00aa).<\/p>\n<p>Ap\u00f3s os jogos da Data Fifa de junho, a sele\u00e7\u00e3o brasileira volta a entrar em campo apenas no m\u00eas de setembro, para iniciar a trajet\u00f3ria nas Eliminat\u00f3rias para a Copa do Mundo de 2026. A estreia do Brasil ser\u00e1 contra a Bol\u00edvia.<\/p>\n<p><span style=\"font-weight: 400;\"><br \/>\n<\/span><span style=\"font-weight: 400;\">Fonte: Ag\u00eancia Brasil <\/span><\/p>\n","protected":false},"excerpt":{"rendered":"<p>O Brasil permanece na terceira posi\u00e7\u00e3o do ranking de sele\u00e7\u00f5es masculinas da Fifa, que foi divulgado nesta quinta-feira (29). A rela\u00e7\u00e3o foi tornada p\u00fablica ap\u00f3s a equipe canarinho disputar duas partidas amistosas na Data Fifa de junho,\u00a0goleada de 4 a 1 sobre Guin\u00e9, na Espanha, e\u00a0derrota de 4 a 2 para Senegal, em Portugal. A [&hellip;]<\/p>\n","protected":false},"author":246,"featured_media":215544,"comment_status":"closed","ping_status":"closed","sticky":false,"template":"","format":"standard","meta":{"footnotes":""},"categories":[436,257,439],"tags":[],"class_list":["post-215543","post","type-post","status-publish","format-standard","has-post-thumbnail","hentry","category-destaque-da-semana","category-esporte","category-ultima-hora"],"_links":{"self":[{"href":"https:\/\/diarioregionaldigital.com.br\/index.php?rest_route=\/wp\/v2\/posts\/215543","targetHints":{"allow":["GET"]}}],"collection":[{"href":"https:\/\/diarioregionaldigital.com.br\/index.php?rest_route=\/wp\/v2\/posts"}],"about":[{"href":"https:\/\/diarioregionaldigital.com.br\/index.php?rest_route=\/wp\/v2\/types\/post"}],"author":[{"embeddable":true,"href":"https:\/\/diarioregionaldigital.com.br\/index.php?rest_route=\/wp\/v2\/users\/246"}],"replies":[{"embeddable":true,"href":"https:\/\/diarioregionaldigital.com.br\/index.php?rest_route=%2Fwp%2Fv2%2Fcomments&post=215543"}],"version-history":[{"count":1,"href":"https:\/\/diarioregionaldigital.com.br\/index.php?rest_route=\/wp\/v2\/posts\/215543\/revisions"}],"predecessor-version":[{"id":215545,"href":"https:\/\/diarioregionaldigital.com.br\/index.php?rest_route=\/wp\/v2\/posts\/215543\/revisions\/215545"}],"wp:featuredmedia":[{"embeddable":true,"href":"https:\/\/diarioregionaldigital.com.br\/index.php?rest_route=\/wp\/v2\/media\/215544"}],"wp:attachment":[{"href":"https:\/\/diarioregionaldigital.com.br\/index.php?rest_route=%2Fwp%2Fv2%2Fmedia&parent=215543"}],"wp:term":[{"taxonomy":"category","embeddable":true,"href":"https:\/\/diarioregionaldigital.com.br\/index.php?rest_route=%2Fwp%2Fv2%2Fcategories&post=215543"},{"taxonomy":"post_tag","embeddable":true,"href":"https:\/\/diarioregionaldigital.com.br\/index.php?rest_route=%2Fwp%2Fv2%2Ftags&post=215543"}],"curies":[{"name":"wp","href":"https:\/\/api.w.org\/{rel}","templated":true}]}}