{"id":215540,"date":"2023-06-30T19:17:10","date_gmt":"2023-06-30T22:17:10","guid":{"rendered":"https:\/\/diarioregionaldigital.com.br\/?p=215540"},"modified":"2023-06-30T19:17:10","modified_gmt":"2023-06-30T22:17:10","slug":"libertadores-palmeiras-fecha-fase-de-grupos-com-melhor-campanha-geral","status":"publish","type":"post","link":"https:\/\/diarioregionaldigital.com.br\/?p=215540","title":{"rendered":"Libertadores: Palmeiras fecha fase de grupos com melhor campanha geral"},"content":{"rendered":"<p>O Palmeiras goleou o Bol\u00edvar (Bol\u00edvia) por 4 a 0 para fechar a primeira fase da Copa Libertadores como l\u00edder do Grupo C. Al\u00e9m disso, o triunfo, alcan\u00e7ado na noite desta quinta-feira (29) no Allianz Parque, garantiu ao Verd\u00e3o a melhor campanha geral da fase de grupos. Essa condi\u00e7\u00e3o d\u00e1 ao time de Abel Ferreira uma importante vantagem, decidir em casa todos os mata-matas, excluindo a final.<img decoding=\"async\" src=\"https:\/\/agenciabrasil.ebc.com.br\/ebc.png?id=1541236&amp;o=node\" \/><img decoding=\"async\" src=\"https:\/\/agenciabrasil.ebc.com.br\/ebc.gif?id=1541236&amp;o=node\" \/><\/p>\n<p>Ap\u00f3s duas derrotas seguidas pelo Brasileiro, para Botafogo e Bahia, o Palmeiras queria retomar o caminho das vit\u00f3rias, e o fez em grande estilo diante de sua torcida pela competi\u00e7\u00e3o continental. O triunfo come\u00e7ou a ser constru\u00eddo aos 24 minutos do primeiro tempo. Ap\u00f3s a defesa do Bol\u00edvar afastar mal, Raphael Veiga levantou a bola na \u00e1rea com um toque de categoria. Rony dominou no peito e bateu por cobertura para marcar um belo gol.<\/p>\n<p>Nove minutos depois Piquerez recebeu a bola na esquerda e cruzou para a \u00e1rea, onde Artur fugiu da marca\u00e7\u00e3o para cabecear e ampliar para 2 a 0. O terceiro do Verd\u00e3o saiu aos 30 da etapa final em nova a\u00e7\u00e3o do lateral uruguaio, que tabelou com Raphael Veiga antes de finalizar para superar o goleiro Lampe.<\/p>\n<p>O placar recebeu n\u00fameros finais aos 39 minutos, quando Dudu lan\u00e7ou Artur, que partiu em velocidade para bater na sa\u00edda do goleiro.<\/p>\n<p>Agora o Palmeiras e os outros 15 classificados para as oitavas de final da Libertadores aguardam o sorteio dos confrontos da pr\u00f3xima fase da competi\u00e7\u00e3o, que ser\u00e1 realizado a partir das 13h (hor\u00e1rio de Bras\u00edlia) da pr\u00f3xima quarta-feira (5) pela Confedera\u00e7\u00e3o Sul-Americana de Futebol (Conmebol).<\/p>\n<p><span style=\"font-weight: 400;\">Fonte: Ag\u00eancia Brasil <\/span><\/p>\n","protected":false},"excerpt":{"rendered":"<p>O Palmeiras goleou o Bol\u00edvar (Bol\u00edvia) por 4 a 0 para fechar a primeira fase da Copa Libertadores como l\u00edder do Grupo C. Al\u00e9m disso, o triunfo, alcan\u00e7ado na noite desta quinta-feira (29) no Allianz Parque, garantiu ao Verd\u00e3o a melhor campanha geral da fase de grupos. Essa condi\u00e7\u00e3o d\u00e1 ao time de Abel Ferreira [&hellip;]<\/p>\n","protected":false},"author":246,"featured_media":215541,"comment_status":"closed","ping_status":"closed","sticky":false,"template":"","format":"standard","meta":{"footnotes":""},"categories":[436,257,439],"tags":[],"class_list":["post-215540","post","type-post","status-publish","format-standard","has-post-thumbnail","hentry","category-destaque-da-semana","category-esporte","category-ultima-hora"],"_links":{"self":[{"href":"https:\/\/diarioregionaldigital.com.br\/index.php?rest_route=\/wp\/v2\/posts\/215540","targetHints":{"allow":["GET"]}}],"collection":[{"href":"https:\/\/diarioregionaldigital.com.br\/index.php?rest_route=\/wp\/v2\/posts"}],"about":[{"href":"https:\/\/diarioregionaldigital.com.br\/index.php?rest_route=\/wp\/v2\/types\/post"}],"author":[{"embeddable":true,"href":"https:\/\/diarioregionaldigital.com.br\/index.php?rest_route=\/wp\/v2\/users\/246"}],"replies":[{"embeddable":true,"href":"https:\/\/diarioregionaldigital.com.br\/index.php?rest_route=%2Fwp%2Fv2%2Fcomments&post=215540"}],"version-history":[{"count":1,"href":"https:\/\/diarioregionaldigital.com.br\/index.php?rest_route=\/wp\/v2\/posts\/215540\/revisions"}],"predecessor-version":[{"id":215542,"href":"https:\/\/diarioregionaldigital.com.br\/index.php?rest_route=\/wp\/v2\/posts\/215540\/revisions\/215542"}],"wp:featuredmedia":[{"embeddable":true,"href":"https:\/\/diarioregionaldigital.com.br\/index.php?rest_route=\/wp\/v2\/media\/215541"}],"wp:attachment":[{"href":"https:\/\/diarioregionaldigital.com.br\/index.php?rest_route=%2Fwp%2Fv2%2Fmedia&parent=215540"}],"wp:term":[{"taxonomy":"category","embeddable":true,"href":"https:\/\/diarioregionaldigital.com.br\/index.php?rest_route=%2Fwp%2Fv2%2Fcategories&post=215540"},{"taxonomy":"post_tag","embeddable":true,"href":"https:\/\/diarioregionaldigital.com.br\/index.php?rest_route=%2Fwp%2Fv2%2Ftags&post=215540"}],"curies":[{"name":"wp","href":"https:\/\/api.w.org\/{rel}","templated":true}]}}