{"id":215537,"date":"2023-06-30T19:15:18","date_gmt":"2023-06-30T22:15:18","guid":{"rendered":"https:\/\/diarioregionaldigital.com.br\/?p=215537"},"modified":"2023-06-30T19:15:18","modified_gmt":"2023-06-30T22:15:18","slug":"selecao-feminina-e-superada-pela-turquia-na-liga-das-nacoes-de-volei","status":"publish","type":"post","link":"https:\/\/diarioregionaldigital.com.br\/?p=215537","title":{"rendered":"Sele\u00e7\u00e3o feminina \u00e9 superada pela Turquia na Liga das Na\u00e7\u00f5es de v\u00f4lei"},"content":{"rendered":"<p>A sele\u00e7\u00e3o feminina foi superada pela Turquia em jogo v\u00e1lido pela terceira semana da edi\u00e7\u00e3o 2023 da Liga das Na\u00e7\u00f5es de V\u00f4lei, que est\u00e1 sendo disputada em Bangcoc (Tail\u00e2ndia). Ap\u00f3s o rev\u00e9s por 3 sets a 0 (parciais de 25\/22, 25\/16 e 25\/22), a equipe comandada pelo t\u00e9cnico Jos\u00e9 Roberto Guimar\u00e3es ficou na quarta posi\u00e7\u00e3o da classifica\u00e7\u00e3o com 21 pontos, ainda com chances reais de classifica\u00e7\u00e3o para a fase decisiva da competi\u00e7\u00e3o, que ser\u00e1 disputada nos Estados Unidos.<img decoding=\"async\" src=\"https:\/\/agenciabrasil.ebc.com.br\/ebc.png?id=1541397&amp;o=node\" \/><img decoding=\"async\" src=\"https:\/\/agenciabrasil.ebc.com.br\/ebc.gif?id=1541397&amp;o=node\" \/><\/p>\n<p>O destaque do Brasil no confronto foi a atacante Maiara Basso, com 12 acertos (10 de ataque, um de bloqueio e um de saque). J\u00e1 a maior pontuadora do jogo foi a oposta Ebrar Karakurt, da Turquia, que somou 19 pontos.<\/p>\n<p>\u201cA Turquia jogou melhor e mereceu vit\u00f3ria. Vamos estudar o jogo de hoje e buscar a classifica\u00e7\u00e3o contra a Tail\u00e2ndia. Sei que fiz uma partida muito abaixo. Vamos seguir trabalhando para evoluirmos como equipe\u201d, declarou a ponteira Gabi \u00e0 assessoria de imprensa da Confedera\u00e7\u00e3o Brasileira de V\u00f4lei (CBF) ap\u00f3s o confronto.<\/p>\n<p>A sele\u00e7\u00e3o feminina folga no pr\u00f3ximo s\u00e1bado (1\u00ba) e volta a entrar em a\u00e7\u00e3o pela competi\u00e7\u00e3o apenas a partir das 10h30 (hor\u00e1rio de Bras\u00edlia) do pr\u00f3ximo domingo (2), quando medir\u00e1 for\u00e7as com a Tail\u00e2ndia.<\/p>\n<p><span style=\"font-weight: 400;\">Fonte: Ag\u00eancia Brasil <\/span><\/p>\n","protected":false},"excerpt":{"rendered":"<p>A sele\u00e7\u00e3o feminina foi superada pela Turquia em jogo v\u00e1lido pela terceira semana da edi\u00e7\u00e3o 2023 da Liga das Na\u00e7\u00f5es de V\u00f4lei, que est\u00e1 sendo disputada em Bangcoc (Tail\u00e2ndia). Ap\u00f3s o rev\u00e9s por 3 sets a 0 (parciais de 25\/22, 25\/16 e 25\/22), a equipe comandada pelo t\u00e9cnico Jos\u00e9 Roberto Guimar\u00e3es ficou na quarta posi\u00e7\u00e3o [&hellip;]<\/p>\n","protected":false},"author":246,"featured_media":215538,"comment_status":"closed","ping_status":"closed","sticky":false,"template":"","format":"standard","meta":{"footnotes":""},"categories":[436,440,257,439],"tags":[],"class_list":["post-215537","post","type-post","status-publish","format-standard","has-post-thumbnail","hentry","category-destaque-da-semana","category-destaques-do-dia","category-esporte","category-ultima-hora"],"_links":{"self":[{"href":"https:\/\/diarioregionaldigital.com.br\/index.php?rest_route=\/wp\/v2\/posts\/215537","targetHints":{"allow":["GET"]}}],"collection":[{"href":"https:\/\/diarioregionaldigital.com.br\/index.php?rest_route=\/wp\/v2\/posts"}],"about":[{"href":"https:\/\/diarioregionaldigital.com.br\/index.php?rest_route=\/wp\/v2\/types\/post"}],"author":[{"embeddable":true,"href":"https:\/\/diarioregionaldigital.com.br\/index.php?rest_route=\/wp\/v2\/users\/246"}],"replies":[{"embeddable":true,"href":"https:\/\/diarioregionaldigital.com.br\/index.php?rest_route=%2Fwp%2Fv2%2Fcomments&post=215537"}],"version-history":[{"count":1,"href":"https:\/\/diarioregionaldigital.com.br\/index.php?rest_route=\/wp\/v2\/posts\/215537\/revisions"}],"predecessor-version":[{"id":215539,"href":"https:\/\/diarioregionaldigital.com.br\/index.php?rest_route=\/wp\/v2\/posts\/215537\/revisions\/215539"}],"wp:featuredmedia":[{"embeddable":true,"href":"https:\/\/diarioregionaldigital.com.br\/index.php?rest_route=\/wp\/v2\/media\/215538"}],"wp:attachment":[{"href":"https:\/\/diarioregionaldigital.com.br\/index.php?rest_route=%2Fwp%2Fv2%2Fmedia&parent=215537"}],"wp:term":[{"taxonomy":"category","embeddable":true,"href":"https:\/\/diarioregionaldigital.com.br\/index.php?rest_route=%2Fwp%2Fv2%2Fcategories&post=215537"},{"taxonomy":"post_tag","embeddable":true,"href":"https:\/\/diarioregionaldigital.com.br\/index.php?rest_route=%2Fwp%2Fv2%2Ftags&post=215537"}],"curies":[{"name":"wp","href":"https:\/\/api.w.org\/{rel}","templated":true}]}}