{"id":215534,"date":"2023-06-30T19:10:58","date_gmt":"2023-06-30T22:10:58","guid":{"rendered":"https:\/\/diarioregionaldigital.com.br\/?p=215534"},"modified":"2023-06-30T19:10:58","modified_gmt":"2023-06-30T22:10:58","slug":"stf-valida-realizacao-de-concursos-nos-estados-em-recuperacao-fiscal","status":"publish","type":"post","link":"https:\/\/diarioregionaldigital.com.br\/?p=215534","title":{"rendered":"STF valida realiza\u00e7\u00e3o de concursos nos estados em recupera\u00e7\u00e3o fiscal"},"content":{"rendered":"<p>A maioria dos ministros do Supremo Tribunal Federal (STF) votou, nesta sexta-feira (30), para manter a decis\u00e3o que autorizou estados que est\u00e3o em recupera\u00e7\u00e3o fiscal a realizarem concursos p\u00fablicos.<img decoding=\"async\" src=\"https:\/\/agenciabrasil.ebc.com.br\/ebc.png?id=1541408&amp;o=node\" \/><img decoding=\"async\" src=\"https:\/\/agenciabrasil.ebc.com.br\/ebc.gif?id=1541408&amp;o=node\" \/><\/p>\n<p>Pelo entendimento, os ministros referendam uma liminar na qual o ministro Lu\u00eds Roberto Barroso, relator o caso, liberou, em novembro de 2021, os certames para ocupa\u00e7\u00e3o de cargos vagos. O ministro citou que a falta de preenchimento das vagas pode prejudicar a presta\u00e7\u00e3o dos servi\u00e7os p\u00fablicos.<\/p>\n<p>\u201cA proibi\u00e7\u00e3o de reposi\u00e7\u00e3o de vac\u00e2ncias em cargos p\u00fablicos, em alguns casos, compromete a presta\u00e7\u00e3o de servi\u00e7os p\u00fablicos essenciais \u00e0 coletividade\u201d, votou o ministro.<\/p>\n<p>O entendimento de Barroso foi seguido pelos ministros Dias Toffoli, C\u00e1rmen L\u00facia, Alexandre de Moraes, Gilmar Mendes, Edson Fachin e Luiz Fux.<\/p>\n<p>Pela legisla\u00e7\u00e3o, estados que est\u00e3o em recupera\u00e7\u00e3o fiscal n\u00e3o podem repor cargos vagos para evitar gastos com pessoal.<\/p>\n<p>O caso \u00e9 julgado no plen\u00e1rio virtual, modalidade na qual os ministros inserem os votos no sistema eletr\u00f4nico e n\u00e3o h\u00e1 delibera\u00e7\u00e3o presencial. A vota\u00e7\u00e3o terminar\u00e1 \u00e0s 23h59.<\/p>\n<p>O pedido de libera\u00e7\u00e3o de concursos foi feito pela Associa\u00e7\u00e3o dos Magistrados Brasileiros (AMB) e a Associa\u00e7\u00e3o Nacional dos Membros do Minist\u00e9rio P\u00fablico (Conamp).<\/p>\n<p><span style=\"font-weight: 400;\"><br \/>\n<\/span><span style=\"font-weight: 400;\">Fonte: Ag\u00eancia Brasil <\/span><\/p>\n","protected":false},"excerpt":{"rendered":"<p>A maioria dos ministros do Supremo Tribunal Federal (STF) votou, nesta sexta-feira (30), para manter a decis\u00e3o que autorizou estados que est\u00e3o em recupera\u00e7\u00e3o fiscal a realizarem concursos p\u00fablicos. Pelo entendimento, os ministros referendam uma liminar na qual o ministro Lu\u00eds Roberto Barroso, relator o caso, liberou, em novembro de 2021, os certames para ocupa\u00e7\u00e3o [&hellip;]<\/p>\n","protected":false},"author":246,"featured_media":215535,"comment_status":"closed","ping_status":"closed","sticky":false,"template":"","format":"standard","meta":{"footnotes":""},"categories":[436,254,439],"tags":[],"class_list":["post-215534","post","type-post","status-publish","format-standard","has-post-thumbnail","hentry","category-destaque-da-semana","category-politica","category-ultima-hora"],"_links":{"self":[{"href":"https:\/\/diarioregionaldigital.com.br\/index.php?rest_route=\/wp\/v2\/posts\/215534","targetHints":{"allow":["GET"]}}],"collection":[{"href":"https:\/\/diarioregionaldigital.com.br\/index.php?rest_route=\/wp\/v2\/posts"}],"about":[{"href":"https:\/\/diarioregionaldigital.com.br\/index.php?rest_route=\/wp\/v2\/types\/post"}],"author":[{"embeddable":true,"href":"https:\/\/diarioregionaldigital.com.br\/index.php?rest_route=\/wp\/v2\/users\/246"}],"replies":[{"embeddable":true,"href":"https:\/\/diarioregionaldigital.com.br\/index.php?rest_route=%2Fwp%2Fv2%2Fcomments&post=215534"}],"version-history":[{"count":1,"href":"https:\/\/diarioregionaldigital.com.br\/index.php?rest_route=\/wp\/v2\/posts\/215534\/revisions"}],"predecessor-version":[{"id":215536,"href":"https:\/\/diarioregionaldigital.com.br\/index.php?rest_route=\/wp\/v2\/posts\/215534\/revisions\/215536"}],"wp:featuredmedia":[{"embeddable":true,"href":"https:\/\/diarioregionaldigital.com.br\/index.php?rest_route=\/wp\/v2\/media\/215535"}],"wp:attachment":[{"href":"https:\/\/diarioregionaldigital.com.br\/index.php?rest_route=%2Fwp%2Fv2%2Fmedia&parent=215534"}],"wp:term":[{"taxonomy":"category","embeddable":true,"href":"https:\/\/diarioregionaldigital.com.br\/index.php?rest_route=%2Fwp%2Fv2%2Fcategories&post=215534"},{"taxonomy":"post_tag","embeddable":true,"href":"https:\/\/diarioregionaldigital.com.br\/index.php?rest_route=%2Fwp%2Fv2%2Ftags&post=215534"}],"curies":[{"name":"wp","href":"https:\/\/api.w.org\/{rel}","templated":true}]}}