{"id":215531,"date":"2023-06-30T19:07:53","date_gmt":"2023-06-30T22:07:53","guid":{"rendered":"https:\/\/diarioregionaldigital.com.br\/?p=215531"},"modified":"2023-06-30T19:07:53","modified_gmt":"2023-06-30T22:07:53","slug":"defesa-de-bolsonaro-avalia-recorrer-da-decisao-do-tse-no-stf","status":"publish","type":"post","link":"https:\/\/diarioregionaldigital.com.br\/?p=215531","title":{"rendered":"Defesa de Bolsonaro avalia recorrer da decis\u00e3o do TSE no STF"},"content":{"rendered":"<p>O advogado Tarc\u00edsio Vieira de Carvalho, representante do ex-presidente Jair Bolsonaro, disse nesta sexta-feira\u00a0(30) que avalia recorrer da decis\u00e3o do Tribunal Superior Eleitoral (TSE) que condenou o ex-presidente \u00e0 inelegibilidade por oito anos.\u00a0<img decoding=\"async\" src=\"https:\/\/agenciabrasil.ebc.com.br\/ebc.png?id=1541373&amp;o=node\" \/><img decoding=\"async\" src=\"https:\/\/agenciabrasil.ebc.com.br\/ebc.gif?id=1541373&amp;o=node\" \/><\/p>\n<p>Ap\u00f3s a proclama\u00e7\u00e3o do resultado do julgamento, Carvalho disse que vai aguardar a publica\u00e7\u00e3o do ac\u00f3rd\u00e3o, documento que re\u00fane os votos proferidos por todos os ministros, para entrar com recurso no Supremo Tribunal Federal (STF).<\/p>\n<blockquote><p>\u201cA defesa recebe com profundo respeito a decis\u00e3o do tribunal e aguarda a publica\u00e7\u00e3o oficial dos votos para verificar qual a estrat\u00e9gia, inclusive recorrer ao STF\u201d, afirmou.<\/p><\/blockquote>\n<p>Mais cedo, o TSE,\u00a0<a href=\"https:\/\/agenciabrasil.ebc.com.br\/justica\/noticia\/2023-06\/por-5-votos-2-tse-torna-bolsonaro-inelegivel-por-oito-anos\" target=\"_blank\" rel=\"noopener\">por 5 votos a 2<\/a>, condenou o ex-presidente.\u00a0Conforme a maioria dos ministros, Bolsonaro cometeu abuso de poder pol\u00edtico e uso indevido dos meios de comunica\u00e7\u00e3o ao promover reuni\u00e3o realizada com embaixadores, em julho do ano passado, no Pal\u00e1cio da Alvorada, para atacar o sistema eletr\u00f4nico de vota\u00e7\u00e3o.<\/p>\n<p>Tr\u00eas dos sete ministros do TSE tamb\u00e9m fazem parte do STF e podem participar do julgamento do eventual recurso.<\/p>\n<p>Pelas regras internas da Corte, os ministros que atuam no tribunal eleitoral n\u00e3o ficam impedidos automaticamente de julgar quest\u00f5es constitucionais em processos oriundos do TSE.<\/p>\n<p><span style=\"font-weight: 400;\">Fonte: Ag\u00eancia Brasil <\/span><\/p>\n","protected":false},"excerpt":{"rendered":"<p>O advogado Tarc\u00edsio Vieira de Carvalho, representante do ex-presidente Jair Bolsonaro, disse nesta sexta-feira\u00a0(30) que avalia recorrer da decis\u00e3o do Tribunal Superior Eleitoral (TSE) que condenou o ex-presidente \u00e0 inelegibilidade por oito anos.\u00a0 Ap\u00f3s a proclama\u00e7\u00e3o do resultado do julgamento, Carvalho disse que vai aguardar a publica\u00e7\u00e3o do ac\u00f3rd\u00e3o, documento que re\u00fane os votos proferidos [&hellip;]<\/p>\n","protected":false},"author":246,"featured_media":215532,"comment_status":"closed","ping_status":"closed","sticky":false,"template":"","format":"standard","meta":{"footnotes":""},"categories":[436,254,439],"tags":[],"class_list":["post-215531","post","type-post","status-publish","format-standard","has-post-thumbnail","hentry","category-destaque-da-semana","category-politica","category-ultima-hora"],"_links":{"self":[{"href":"https:\/\/diarioregionaldigital.com.br\/index.php?rest_route=\/wp\/v2\/posts\/215531","targetHints":{"allow":["GET"]}}],"collection":[{"href":"https:\/\/diarioregionaldigital.com.br\/index.php?rest_route=\/wp\/v2\/posts"}],"about":[{"href":"https:\/\/diarioregionaldigital.com.br\/index.php?rest_route=\/wp\/v2\/types\/post"}],"author":[{"embeddable":true,"href":"https:\/\/diarioregionaldigital.com.br\/index.php?rest_route=\/wp\/v2\/users\/246"}],"replies":[{"embeddable":true,"href":"https:\/\/diarioregionaldigital.com.br\/index.php?rest_route=%2Fwp%2Fv2%2Fcomments&post=215531"}],"version-history":[{"count":1,"href":"https:\/\/diarioregionaldigital.com.br\/index.php?rest_route=\/wp\/v2\/posts\/215531\/revisions"}],"predecessor-version":[{"id":215533,"href":"https:\/\/diarioregionaldigital.com.br\/index.php?rest_route=\/wp\/v2\/posts\/215531\/revisions\/215533"}],"wp:featuredmedia":[{"embeddable":true,"href":"https:\/\/diarioregionaldigital.com.br\/index.php?rest_route=\/wp\/v2\/media\/215532"}],"wp:attachment":[{"href":"https:\/\/diarioregionaldigital.com.br\/index.php?rest_route=%2Fwp%2Fv2%2Fmedia&parent=215531"}],"wp:term":[{"taxonomy":"category","embeddable":true,"href":"https:\/\/diarioregionaldigital.com.br\/index.php?rest_route=%2Fwp%2Fv2%2Fcategories&post=215531"},{"taxonomy":"post_tag","embeddable":true,"href":"https:\/\/diarioregionaldigital.com.br\/index.php?rest_route=%2Fwp%2Fv2%2Ftags&post=215531"}],"curies":[{"name":"wp","href":"https:\/\/api.w.org\/{rel}","templated":true}]}}