{"id":215528,"date":"2023-06-30T19:06:41","date_gmt":"2023-06-30T22:06:41","guid":{"rendered":"https:\/\/diarioregionaldigital.com.br\/?p=215528"},"modified":"2023-06-30T19:06:41","modified_gmt":"2023-06-30T22:06:41","slug":"palacio-da-alvorada-1o-predio-publico-da-capital-completa-65-anos","status":"publish","type":"post","link":"https:\/\/diarioregionaldigital.com.br\/?p=215528","title":{"rendered":"Pal\u00e1cio da Alvorada, 1\u00ba pr\u00e9dio p\u00fablico da capital, completa 65 anos"},"content":{"rendered":"<p>Do amanhecer ao p\u00f4r do sol, a luz rebrilha. Um painel dourado, criado pelo artista pl\u00e1stico Athos Bulc\u00e3o (1918 &#8211; 2008), est\u00e1 no sal\u00e3o de entrada do Pal\u00e1cio da Alvorada, o primeiro pr\u00e9dio p\u00fablico da capital brasileira. H\u00e1, no painel, sonhos inscritos com letras em relevo.\u00a0<img decoding=\"async\" src=\"https:\/\/agenciabrasil.ebc.com.br\/ebc.png?id=1541286&amp;o=node\" \/><img decoding=\"async\" src=\"https:\/\/agenciabrasil.ebc.com.br\/ebc.gif?id=1541286&amp;o=node\" \/><\/p>\n<p>\u201cDeste Planalto Central, desta solid\u00e3o que em breve se transformar\u00e1 em c\u00e9rebro das altas decis\u00f5es nacionais, lan\u00e7o os olhos mais uma vez sobre o amanh\u00e3 do meu pa\u00eds e antevejo esta alvorada com f\u00e9 inquebrant\u00e1vel e uma confian\u00e7a sem limites no seu grande destino\u201d. As palavras s\u00e3o do ent\u00e3o presidente Juscelino Kubitschek.<\/p>\n<p>Esse lugar, que \u00e9 a casa de presidentes brasileiros e suas fam\u00edlias h\u00e1 exatos 65 anos, \u00e9 considerado por especialistas um \u201cpal\u00e1cio diferente\u201d,\u00a0singular e plural ao mesmo tempo.\u00a0 Fruto da genialidade do arquiteto Oscar Niemeyer e pronto dois anos antes de a capital ser inaugurada, o Alvorada \u00e9 reconhecido por pesquisadores por caracter\u00edsticas culturais da brasilidade. A constru\u00e7\u00e3o come\u00e7ou em 1957.<\/p>\n<p>\u201cNo meu entendimento, Niemeyer foi magistral ali. \u00c9 o pr\u00e9dio mais importante que ele criou. Tem inova\u00e7\u00e3o e tudo o que n\u00e3o se encontrava na arquitetura brasileira at\u00e9 ent\u00e3o\u201d, afirma o\u00a0 diretor-curador dos Pal\u00e1cios Presidenciais do Brasil, Rog\u00e9rio Carvalho.\u00a0 Ele recorda que o escritor franc\u00eas Andr\u00e9 Malraux (1901-1976) afirmou que as colunas do pal\u00e1cio formavam o elemento arquitetural mais importante desde as colunas gregas.<\/p>\n<div class=\"dnd-widget-wrapper context-cheio_8colunas type-gallery\">\n<div class=\"dnd-atom-rendered\">\n<div class=\"scald-gallery scald-gallery-334751\">\n<div class=\"galleria-container notouch galleria-theme-azur\">\n<div class=\"galleria-stage\">\n<div class=\"galleria-info toggler open\">\n<div class=\"galleria-info-text\">\n<div class=\"galleria-info-title\">Entrevista Exclusiva &#8211; Janja<\/div>\n<div class=\"galleria-info-authors\">Rafa Neddermeyer\/Ag\u00eancia Brasil<\/div>\n<\/div>\n<\/div>\n<\/div>\n<\/div>\n<\/div>\n<\/div>\n<\/div>\n<p>Carvalho entende que se trata de uma constru\u00e7\u00e3o que surpreende, tanto para quem v\u00ea de fora, como para quem visita\u00a0o seu interior.\u00a0\u201cO arquiteto ingl\u00eas Norman Foster (88 anos), por exemplo, considerado um dos principais profissionais do mundo na \u00e1rea, ficou muito impressionado com a qualidade da arquitetura e com o n\u00edvel de acabamento\u201d. O diretor contextualiza que foi a coragem de Juscelino que viabilizou a constru\u00e7\u00e3o. \u201c\u00c9 uma obra que at\u00e9 hoje surpreende, \u00e9\u00a0excelente representante da arquitetura moderna. \u00c9 a s\u00edntese da casa brasileira\u201d.<\/p>\n<h2>Reabertura<\/h2>\n<p>Surpreende diariamente at\u00e9 quem mora no local. \u201cTodo dia que eu chego aqui \u00e9 sempre muito impactante. Morar aqui \u00e9 impressionante. \u00c9 viver em um pr\u00e9dio hist\u00f3rico como esse, em que j\u00e1 moraram tantos presidentes e onde j\u00e1 aconteceram tantas decis\u00f5es hist\u00f3ricas\u201d, ressaltou a primeira-dama brasileira, a soci\u00f3loga Ros\u00e2ngela Lula da Silva, a Janja.<\/p>\n<p>Ela recebeu a equipe de reportagem da\u00a0<strong>Empresa Brasil de Comunica\u00e7\u00e3o<\/strong>\u00a0(<strong>EBC<\/strong>)\u00a0no Pal\u00e1cio da Alvorada, nesta semana, e ratificou o desejo dela e do presidente Lula de que o pr\u00e9dio volte a receber visitantes, o que foi suspenso\u00a0no governo anterior.<\/p>\n<p>A primeira-dama verificou e divulgou, no in\u00edcio do ano, que o mobili\u00e1rio e equipamentos do Pal\u00e1cio da Alvorada estavam degradados e com problemas de manuten\u00e7\u00e3o. O casal se mudou\u00a0para o Alvorada em fevereiro. Al\u00e9m do restauro necess\u00e1rio, h\u00e1 um cuidado especial de planejamento para abrir o pal\u00e1cio ao p\u00fablico tamb\u00e9m em fun\u00e7\u00e3o dos ataques ocorridos em 8 de janeiro contra os pr\u00e9dios p\u00fablicos e contra a democracia.<\/p>\n<p>\u00c0\u00a0<strong>Ag\u00eancia Brasil<\/strong>, Janja disse que espera que o Alvorada volte a ser aberto\u00a0ao p\u00fablico ainda neste ano ou, no m\u00e1ximo, no in\u00edcio de 2024. Ela adiantou que gostaria de fazer a reabertura com exposi\u00e7\u00e3o de artistas contempor\u00e2neos, particularmente mulheres. \u201cEu gosto muito de Djanira (1914 &#8211; 1979) e da Tarsila do Amaral (1886 &#8211; 1973). Meu sonho \u00e9 reabrir o Alvorada quando a gente conseguir trazer de volta ao\u00a0Brasil a principal tela de\u00a0Tarsila do Amaral, que \u00e9 o\u00a0<a href=\"https:\/\/coleccion.malba.org.ar\/abaporu\/\" target=\"_blank\" rel=\"noopener\">Abaporu<\/a>\u201d, disse. A tela\u00a0est\u00e1 em um museu na Argentina.<\/p>\n<div class=\"dnd-widget-wrapper context-cheio_8colunas type-image\">\n<div class=\"dnd-atom-rendered\">\n<div class=\"shadow overflow-hidden rounded-lg d-block zoom-on-hover-sm shadow-hover w-100\"><img decoding=\"async\" class=\"flex-fill img-cover\" title=\"Rafa Neddermeyer\/Ag\u00eancia Brasil\" src=\"https:\/\/imagens.ebc.com.br\/_oQmz6I7LbdQU4UtjIARRzY966Y=\/754x0\/smart\/https:\/\/agenciabrasil.ebc.com.br\/sites\/default\/files\/thumbnails\/image\/raf01679_0.jpg?itok=vk7heKrK\" alt=\"28\/06\/2023 - Bras\u00edlia - A primeira dama do Brasil, Janja Lula da Silva, durante entrevista exclusiva a EBC, no Pal\u00e1cio da Alvorada. Foto: Rafa Neddermeyer\/Ag\u00eancia Brasil\" \/><\/div>\n<\/div>\n<div class=\"dnd-caption-wrapper\">\n<div class=\"meta\">28\/06\/2023 &#8211; Bras\u00edlia &#8211; A primeira dama do Brasil, Janja Lula da Silva, durante entrevista exclusiva \u00e0\u00a0<strong>EBC<\/strong>, no Pal\u00e1cio da Alvorada.\u00a0&#8211;\u00a0<strong>Rafa Neddermeyer\/Ag\u00eancia Brasil<\/strong><\/div>\n<\/div>\n<\/div>\n<p>Janja entende que esse seria um papel importante a ser desempenhado pelas exposi\u00e7\u00f5es no Pal\u00e1cio da Alvorada, o de apresentar\u00a0obras de arte brasileiras.\u00a0 \u201cA gente precisa renovar o conceito de cultura e mostrar como o Brasil \u00e9 rico, como a cultura movimenta a economia do pa\u00eds, gera emprego. Isso \u00e9 muito importante. Estar cuidando desse patrim\u00f4nio aqui me d\u00e1 orgulho\u201d, disse.<\/p>\n<p>Para o diretor-curador dos Pal\u00e1cios Presidenciais, Rog\u00e9rio Carvalho, a ocupa\u00e7\u00e3o dos espa\u00e7os com arte\u00a0brasileira\u00a0geraria interesse n\u00e3o s\u00f3 da visita\u00e7\u00e3o p\u00fablica, mas garantiria tamb\u00e9m visibilidade aos trabalhos nacionais em eventos ilustres com outros chefes de Estado e representantes estrangeiros no Pal\u00e1cio da Alvorada. \u201cA nossa inten\u00e7\u00e3o \u00e9 mostrar o que o Brasil tem de melhor. Existe um fluxo muito grande de pessoas que passam por ali, de representantes de outros pa\u00edses, inclusive, que fariam justamente com que essa arte seja vista por mais pessoas\u201d.<\/p>\n<p>Carvalho explica que, durante o governo de Michel Temer, pelo menos 48 obras que estavam no Pal\u00e1cio da Alvorada acabaram encaminhadas para outros espa\u00e7os, como o Museu Nacional de Belas Artes. Essas pe\u00e7as v\u00e3o retornar ao Alvorada.\u00a0Inclusive, existe a\u00a0inten\u00e7\u00e3o de que parte do acervo se torne itinerante e seja exposto em regi\u00f5es administrativas do Distrito Federal, de forma a\u00a0garantir acesso \u00e0s diferentes express\u00f5es culturais, que\u00a0n\u00e3o v\u00e3o ficar restritas aos pal\u00e1cios. Mostrar obras em outros espa\u00e7os \u00e9 uma forma de convidar os cidad\u00e3os brasileiros a conhecer mais sobre o patrim\u00f4nio nacional, como \u00e9 o caso do Pal\u00e1cio da Alvorada, avalia o arquiteto.<\/p>\n<h2>Plural<\/h2>\n<p>Quem j\u00e1 conhece ou vier a visitar o Pal\u00e1cio da Alvorada tem a oportunidade, segundo arquitetos entrevistados, de ter acesso a uma obra plural e muito diferente, que \u00e9 atual\u00edssima, mesmo ap\u00f3s 65 anos de hist\u00f3ria.<\/p>\n<p>Para a professora Maria Fernanda Derntl, da Universidade de Bras\u00edlia (UnB), o Pal\u00e1cio da Alvorada prop\u00f5e um conceito\u00a0muito diferente do tradicional. \u201cN\u00e3o \u00e9 o pal\u00e1cio rebuscado ou que tem uma monumentalidade pesada, como a gente pensaria para um pal\u00e1cio barroco ou renascentista\u201d. Para ela, essa \u201cmonumentalidade\u201d vem da leveza da arquitetura, em uma express\u00e3o pl\u00e1stica do concreto armado, com propor\u00e7\u00f5es e continuidade entre espa\u00e7os internos e externos.<\/p>\n<p>\u201cEu acho interessante tamb\u00e9m como as colunas do Pal\u00e1cio da Alvorada s\u00e3o um dos elementos mais expressivos, que s\u00e3o reproduzidos e apropriados popularmente\u00a0em outras formas de arquitetura, em an\u00fancios publicit\u00e1rios\u00a0e em imagens de toda a natureza\u201d. Para ela, a coluna do Pal\u00e1cio da Alvorada se tornou assim o pr\u00f3prio s\u00edmbolo de Bras\u00edlia.<\/p>\n<p>O professor Frederico Fl\u00f3sculo, tamb\u00e9m da UnB, lembraque o Pal\u00e1cio da Alvorada foi projetado e constru\u00eddo antes do resultado final do concurso de urbanismo para a nova capital. \u201cJuscelino realmente queria que isso fosse adiantado. Ele queria uma imagem do que seria a nova capital. Esse projeto, por ter sido o n\u00famero um de Bras\u00edlia, deu um trabalhinho interessante porque Oscar Niemeyer\u00a0sabia da import\u00e2ncia de come\u00e7ar bem, come\u00e7ar com um pal\u00e1cio que fosse memor\u00e1vel\u201d.<\/p>\n<div class=\"dnd-widget-wrapper context-cheio_8colunas type-gallery\">\n<div class=\"dnd-atom-rendered\">\n<div class=\"scald-gallery scald-gallery-334738\">\n<div class=\"galleria-container notouch galleria-theme-azur\">\n<div class=\"galleria-stage\">\n<div class=\"galleria-info toggler open\">\n<div class=\"galleria-info-text\"><\/div>\n<\/div>\n<\/div>\n<\/div>\n<\/div>\n<\/div>\n<\/div>\n<p>N\u00e3o foi f\u00e1cil, mas chegaram a um projeto. \u201cA decis\u00e3o sobre o Pal\u00e1cio da Alvorada foi a mais simples de todas. Um pal\u00e1cio horizontalizado com aquela colunata bel\u00edssima, uma reinven\u00e7\u00e3o de uma coluna modernista, mas com o uso de curvas\u201d.<\/p>\n<p>O engenheiro que calculou a viabilidade do que Niemeyer colocava no papel foi Joaquim Cardoso. \u201cEsse pal\u00e1cio realmente \u00e9 extraordin\u00e1rio. Tem influ\u00eancias em pal\u00e1cio franc\u00eas, que \u00e9 longo e\u00a0horizontal. Essa ideia de leveza e de transpar\u00eancia permeia o que o modernismo, nos seus melhores momentos, consegue prover\u201d.<\/p>\n<p>O arquiteto Guilherme Essvein de Almeida, que fez pesquisa sobre o Pal\u00e1cio da Alvorada na Universidade Federal do Rio Grande do Sul (UFRGS), chama a aten\u00e7\u00e3o para\u00a0uma hist\u00f3ria interessante sobre a edifica\u00e7\u00e3o &#8211; \u00e9 que o pal\u00e1cio governamental (o do Planalto) seria tamb\u00e9m no lugar que \u00e9 o Alvorada.<\/p>\n<p>\u201cDepois, mudaram de ideia por uma quest\u00e3o de estrat\u00e9gia de urbanismo. A cidade tinha toda uma carga c\u00edvica e o pal\u00e1cio do governo teria que ser mais central\u201d. Por isso, Niemeyer teria mudado de ideia. \u201cSem d\u00favida, esses pal\u00e1cios t\u00eam influ\u00eancia um do outro\u201d.<\/p>\n<p>Para ele, as colunas, que teriam formato de folhas, caules ou at\u00e9 de dan\u00e7arinas, teriam sido inspiradas mesmo nas velas n\u00e1uticas. A constru\u00e7\u00e3o teria influ\u00eancia ainda em pal\u00e1cios governamentais da cidade de Chandigarh, na \u00cdndia.<\/p>\n<p>\u201cAs colunas do Pal\u00e1cio da Alvorada foram repetidas em outros pa\u00edses. O Pal\u00e1cio da Alvorada\u00a0 nunca vai envelhecer de fato. \u00c9 um patrim\u00f4nio da humanidade e uma unanimidade entre os arquitetos\u201d.<\/p>\n<p>Na preserva\u00e7\u00e3o desse patrim\u00f4nio, a autarquia que atua \u00e9 o Instituto do Patrim\u00f4nio Hist\u00f3rico e Art\u00edstico Nacional (Iphan). Uma das miss\u00f5es do \u00f3rg\u00e3o \u00e9 orientar as a\u00e7\u00f5es de conserva\u00e7\u00e3o e manuten\u00e7\u00e3o do lugar.<\/p>\n<p>\u201cUm papel tamb\u00e9m \u00e9 esclarecer o que representa esse conjunto urbano moderno tombado,\u00a0que \u00e9 refer\u00eancia n\u00e3o s\u00f3 do ponto de vista arquitet\u00f4nico, mas tamb\u00e9m do ponto de vista dos valores da democracia\u201d, afirmou o presidente do Iphan, Leandro Grass. Ele defende que, quanto mais acess\u00edvel \u00e0 popula\u00e7\u00e3o for\u00a0o pal\u00e1cio, mais participa\u00e7\u00e3o e interesse a sociedade tem em participar e defender o patrim\u00f4nio hist\u00f3rico.<\/p>\n<h2>Restauro<\/h2>\n<p>A defesa do patrim\u00f4nio no Pal\u00e1cio da Alvorada tem simbologia especial neste momento. Em uma sala anexa \u00e0 capela do conjunto, 13 obras danificadas pelos ataques de 8 de janeiro est\u00e3o sendo restauradas, explica o diretor-curador dos Pal\u00e1cios.<\/p>\n<p>\u201c\u00c9 um espa\u00e7o absolutamente poss\u00edvel de ser utilizado para isso. Em outros momentos, houve recupera\u00e7\u00e3o dos livros da biblioteca e outras pe\u00e7as. Ali a gente pode ter um controle e acompanhar de perto\u201d. Pe\u00e7as como de Di Cavalcanti, de Bruno Giorgi, de Victor Brecheret \u2026 est\u00e3o em processo de restaura\u00e7\u00e3o no\u00a0Alvorada.<\/p>\n<p><span style=\"font-weight: 400;\">Fonte: Ag\u00eancia Brasil <\/span><\/p>\n","protected":false},"excerpt":{"rendered":"<p>Do amanhecer ao p\u00f4r do sol, a luz rebrilha. Um painel dourado, criado pelo artista pl\u00e1stico Athos Bulc\u00e3o (1918 &#8211; 2008), est\u00e1 no sal\u00e3o de entrada do Pal\u00e1cio da Alvorada, o primeiro pr\u00e9dio p\u00fablico da capital brasileira. H\u00e1, no painel, sonhos inscritos com letras em relevo.\u00a0 \u201cDeste Planalto Central, desta solid\u00e3o que em breve se [&hellip;]<\/p>\n","protected":false},"author":246,"featured_media":215529,"comment_status":"closed","ping_status":"closed","sticky":false,"template":"","format":"standard","meta":{"footnotes":""},"categories":[436,254,439],"tags":[],"class_list":["post-215528","post","type-post","status-publish","format-standard","has-post-thumbnail","hentry","category-destaque-da-semana","category-politica","category-ultima-hora"],"_links":{"self":[{"href":"https:\/\/diarioregionaldigital.com.br\/index.php?rest_route=\/wp\/v2\/posts\/215528","targetHints":{"allow":["GET"]}}],"collection":[{"href":"https:\/\/diarioregionaldigital.com.br\/index.php?rest_route=\/wp\/v2\/posts"}],"about":[{"href":"https:\/\/diarioregionaldigital.com.br\/index.php?rest_route=\/wp\/v2\/types\/post"}],"author":[{"embeddable":true,"href":"https:\/\/diarioregionaldigital.com.br\/index.php?rest_route=\/wp\/v2\/users\/246"}],"replies":[{"embeddable":true,"href":"https:\/\/diarioregionaldigital.com.br\/index.php?rest_route=%2Fwp%2Fv2%2Fcomments&post=215528"}],"version-history":[{"count":1,"href":"https:\/\/diarioregionaldigital.com.br\/index.php?rest_route=\/wp\/v2\/posts\/215528\/revisions"}],"predecessor-version":[{"id":215530,"href":"https:\/\/diarioregionaldigital.com.br\/index.php?rest_route=\/wp\/v2\/posts\/215528\/revisions\/215530"}],"wp:featuredmedia":[{"embeddable":true,"href":"https:\/\/diarioregionaldigital.com.br\/index.php?rest_route=\/wp\/v2\/media\/215529"}],"wp:attachment":[{"href":"https:\/\/diarioregionaldigital.com.br\/index.php?rest_route=%2Fwp%2Fv2%2Fmedia&parent=215528"}],"wp:term":[{"taxonomy":"category","embeddable":true,"href":"https:\/\/diarioregionaldigital.com.br\/index.php?rest_route=%2Fwp%2Fv2%2Fcategories&post=215528"},{"taxonomy":"post_tag","embeddable":true,"href":"https:\/\/diarioregionaldigital.com.br\/index.php?rest_route=%2Fwp%2Fv2%2Ftags&post=215528"}],"curies":[{"name":"wp","href":"https:\/\/api.w.org\/{rel}","templated":true}]}}