{"id":215525,"date":"2023-06-30T19:03:25","date_gmt":"2023-06-30T22:03:25","guid":{"rendered":"https:\/\/diarioregionaldigital.com.br\/?p=215525"},"modified":"2023-06-30T19:03:25","modified_gmt":"2023-06-30T22:03:25","slug":"camara-deve-respeitar-acordo-firmado-com-oab-sobre-carf-diz-haddad","status":"publish","type":"post","link":"https:\/\/diarioregionaldigital.com.br\/?p=215525","title":{"rendered":"C\u00e2mara deve respeitar acordo firmado com OAB sobre Carf, diz Haddad"},"content":{"rendered":"<p>A C\u00e2mara dos Deputados dever\u00e1 respeitar o acordo entre a equipe econ\u00f4mica e a Ordem dos Advogados do Brasil (OAB) para restaurar o voto de desempate do governo no Conselho Administrativo de Recursos Fiscais (Carf), disse nesta sexta-feira (30) o ministro da Fazenda, Fernando Haddad. O ministro reuniu-se com o presidente da C\u00e2mara, Arthur Lira, para discutir a agenda de vota\u00e7\u00f5es no Congresso na pr\u00f3xima semana.<img decoding=\"async\" src=\"https:\/\/agenciabrasil.ebc.com.br\/ebc.png?id=1541407&amp;o=node\" \/><img decoding=\"async\" src=\"https:\/\/agenciabrasil.ebc.com.br\/ebc.gif?id=1541407&amp;o=node\" \/><\/p>\n<p>\u201cFizemos um acordo com a OAB e, pelo que entendi do relator [do projeto em vota\u00e7\u00e3o na C\u00e2mara dos Deputados], o acordo vai ser respeitado\u201d, disse Haddad antes de embarcar para S\u00e3o Paulo. O\u00a0<a href=\"https:\/\/www.camara.leg.br\/proposicoesWeb\/prop_mostrarintegra?codteor=2269041&amp;filename=PL%202384\/2023\" target=\"_blank\" rel=\"noopener\">projeto de lei<\/a>\u00a0\u00e9 relatado pelo deputado Beto Pereira (PSDB-MS).<\/p>\n<p>Em janeiro, o\u00a0<a href=\"https:\/\/www.in.gov.br\/en\/web\/dou\/-\/medida-provisoria-n-1.160-de-12-de-janeiro-de-2023-457677631\" target=\"_blank\" rel=\"noopener\">governo publicou a medida provis\u00f3ria<\/a>\u00a0que devolve ao governo o voto de desempate em decis\u00f5es do Carf, tribunal administrativo que define disputas entre contribuintes &#8211; geralmente grandes empresas &#8211; e a Receita Federal. Sem ser votada a tempo pelo Congresso, a MP perdeu a validade em 1\u00ba de junho e foi substitu\u00edda por um projeto de lei, que dever\u00e1 ser votado na pr\u00f3xima semana.<\/p>\n<h2>Parcelamento<\/h2>\n<p>Em fevereiro, o Minist\u00e9rio da Fazenda e a OAB chegaram a um\u00a0<a href=\"https:\/\/agenciabrasil.ebc.com.br\/economia\/noticia\/2023-02\/haddad-e-oab-fecham-acordo-sobre-mudancas-no-carf\" target=\"_blank\" rel=\"noopener\">acordo sobre o tema<\/a>. As empresas derrotadas pelo voto de desempate do governo ficariam isentas da multa, pagando apenas a d\u00edvida principal e os juros. Caso a empresa pague o d\u00e9bito em at\u00e9 90 dias, os juros tamb\u00e9m ser\u00e3o cancelados.<\/p>\n<p>A d\u00edvida principal poder\u00e1 ser dividida em at\u00e9 12 parcelas, com as empresas abatendo preju\u00edzos de anos anteriores, por meio de cr\u00e9ditos da Contribui\u00e7\u00e3o Social sobre o Lucro L\u00edquido (CSLL) e do Imposto de Renda Pessoa Jur\u00eddica (IRPJ). Caso o contribuinte recorra \u00e0 Justi\u00e7a, volta a cobran\u00e7a de multa e de juros.<\/p>\n<p>O retorno do voto de desempate nos termos acordados com a OAB tem o potencial de refor\u00e7ar a arrecada\u00e7\u00e3o federal em torno de R$ 50 bilh\u00f5es apenas este ano, segundo a equipe econ\u00f4mica.<\/p>\n<p>Haddad disse que o governo est\u00e1 disposto a \u201cpacificar\u201d o tema e lembrou que a Organiza\u00e7\u00e3o para a Coopera\u00e7\u00e3o e Desenvolvimento Econ\u00f4mico (OCDE) j\u00e1 se\u00a0<a href=\"https:\/\/agenciabrasil.ebc.com.br\/economia\/noticia\/2023-04\/ocde-apoia-retomada-de-voto-de-qualidade-do-governo-no-carf\" target=\"_blank\" rel=\"noopener\">manifestou favor\u00e1vel \u00e0s mudan\u00e7as no Carf<\/a>.<\/p>\n<p>\u201cVamos aguardar a apresenta\u00e7\u00e3o do texto, mas a inten\u00e7\u00e3o \u00e9 pacificar. Foi feito um acordo, a OCDE se manifestou contra a lei atual. Est\u00e1 suspenso o nosso di\u00e1logo com OCDE em fun\u00e7\u00e3o disso, isso est\u00e1 trazendo muitos preju\u00edzos para pa\u00eds, e mais do que dobrou o n\u00famero de processos no administrativo sem solu\u00e7\u00e3o, que ningu\u00e9m vota por causa da inseguran\u00e7a jur\u00eddica, vamos superar isso\u201d, disse Haddad.<\/p>\n<h2>Reforma tribut\u00e1ria e arcabou\u00e7o<\/h2>\n<p>Al\u00e9m do projeto sobre o Carf, a C\u00e2mara pretende fazer um esfor\u00e7o concentrado e votar, na pr\u00f3xima semana, a\u00a0<a href=\"https:\/\/agenciabrasil.ebc.com.br\/economia\/noticia\/2023-06\/entenda-o-relatorio-da-reforma-tributaria-ser-votado-na-camara\" target=\"_blank\" rel=\"noopener\">primeira etapa da reforma tribut\u00e1ria<\/a>, com a reformula\u00e7\u00e3o dos tributos sobre o consumo, e o novo arcabou\u00e7o fiscal, que voltou do Senado e\u00a0<a href=\"https:\/\/agenciabrasil.ebc.com.br\/politica\/noticia\/2023-06\/senado-aprova-texto-do-novo-marco-fiscal-com-mudancas\" target=\"_blank\" rel=\"noopener\">precisa ser aprovado novamente pelos deputados<\/a>. Apesar da agenda intensa, o ministro disse ser poss\u00edvel votar tudo na primeira semana de julho.<\/p>\n<p>\u201cTem uma agenda pesada na semana que vem. Muita coisa para decidir, mas a inten\u00e7\u00e3o \u00e9 votar tudo\u201d, declarou o ministro.<\/p>\n<p><span style=\"font-weight: 400;\">Fonte: Ag\u00eancia Brasil <\/span><\/p>\n","protected":false},"excerpt":{"rendered":"<p>A C\u00e2mara dos Deputados dever\u00e1 respeitar o acordo entre a equipe econ\u00f4mica e a Ordem dos Advogados do Brasil (OAB) para restaurar o voto de desempate do governo no Conselho Administrativo de Recursos Fiscais (Carf), disse nesta sexta-feira (30) o ministro da Fazenda, Fernando Haddad. O ministro reuniu-se com o presidente da C\u00e2mara, Arthur Lira, [&hellip;]<\/p>\n","protected":false},"author":246,"featured_media":215526,"comment_status":"closed","ping_status":"closed","sticky":false,"template":"","format":"standard","meta":{"footnotes":""},"categories":[436,440,254,439],"tags":[],"class_list":["post-215525","post","type-post","status-publish","format-standard","has-post-thumbnail","hentry","category-destaque-da-semana","category-destaques-do-dia","category-politica","category-ultima-hora"],"_links":{"self":[{"href":"https:\/\/diarioregionaldigital.com.br\/index.php?rest_route=\/wp\/v2\/posts\/215525","targetHints":{"allow":["GET"]}}],"collection":[{"href":"https:\/\/diarioregionaldigital.com.br\/index.php?rest_route=\/wp\/v2\/posts"}],"about":[{"href":"https:\/\/diarioregionaldigital.com.br\/index.php?rest_route=\/wp\/v2\/types\/post"}],"author":[{"embeddable":true,"href":"https:\/\/diarioregionaldigital.com.br\/index.php?rest_route=\/wp\/v2\/users\/246"}],"replies":[{"embeddable":true,"href":"https:\/\/diarioregionaldigital.com.br\/index.php?rest_route=%2Fwp%2Fv2%2Fcomments&post=215525"}],"version-history":[{"count":1,"href":"https:\/\/diarioregionaldigital.com.br\/index.php?rest_route=\/wp\/v2\/posts\/215525\/revisions"}],"predecessor-version":[{"id":215527,"href":"https:\/\/diarioregionaldigital.com.br\/index.php?rest_route=\/wp\/v2\/posts\/215525\/revisions\/215527"}],"wp:featuredmedia":[{"embeddable":true,"href":"https:\/\/diarioregionaldigital.com.br\/index.php?rest_route=\/wp\/v2\/media\/215526"}],"wp:attachment":[{"href":"https:\/\/diarioregionaldigital.com.br\/index.php?rest_route=%2Fwp%2Fv2%2Fmedia&parent=215525"}],"wp:term":[{"taxonomy":"category","embeddable":true,"href":"https:\/\/diarioregionaldigital.com.br\/index.php?rest_route=%2Fwp%2Fv2%2Fcategories&post=215525"},{"taxonomy":"post_tag","embeddable":true,"href":"https:\/\/diarioregionaldigital.com.br\/index.php?rest_route=%2Fwp%2Fv2%2Ftags&post=215525"}],"curies":[{"name":"wp","href":"https:\/\/api.w.org\/{rel}","templated":true}]}}