{"id":215515,"date":"2023-06-30T18:56:05","date_gmt":"2023-06-30T21:56:05","guid":{"rendered":"https:\/\/diarioregionaldigital.com.br\/?p=215515"},"modified":"2023-06-30T18:56:05","modified_gmt":"2023-06-30T21:56:05","slug":"governo-destinara-mais-r-300-milhoes-em-incentivos-para-carro-popular","status":"publish","type":"post","link":"https:\/\/diarioregionaldigital.com.br\/?p=215515","title":{"rendered":"Governo destinar\u00e1 mais R$ 300 milh\u00f5es em incentivos para carro popular"},"content":{"rendered":"<p>O presidente Luiz In\u00e1cio Lula da Silva assinar\u00e1 ainda nesta sexta-feira (30) a medida provis\u00f3ria que ampliar\u00e1 em R$ 300 milh\u00f5es os recursos a serem disponibilizados para o\u00a0<a href=\"https:\/\/agenciabrasil.ebc.com.br\/economia\/noticia\/2023-05\/governo-anuncia-desconto-de-15-1096-para-carros-novos\" target=\"_blank\" rel=\"noopener\">programa de incentivos \u00e0 compra de ve\u00edculos populares<\/a>.<img decoding=\"async\" src=\"https:\/\/agenciabrasil.ebc.com.br\/ebc.png?id=1541393&amp;o=node\" \/><img decoding=\"async\" src=\"https:\/\/agenciabrasil.ebc.com.br\/ebc.gif?id=1541393&amp;o=node\" \/><\/p>\n<p>O an\u00fancio foi feito pelo vice-presidente e ministro do Desenvolvimento, Ind\u00fastria, Com\u00e9rcio e Servi\u00e7os, Geraldo Alckmin, durante visita ao Paran\u00e1. \u201cO presidente Lula vai assinar hoje uma medida provis\u00f3ria colocando mais R$ 300 milh\u00f5es para a ind\u00fastria automobil\u00edstica\u201d, disse Alckmin, referindo-se ao projeto que estimula descontos na compra de ve\u00edculos com pre\u00e7o de at\u00e9 R$ 120 mil.<\/p>\n<p>\u201cNo projeto completo, s\u00e3o R$ 500 milh\u00f5es. J\u00e1 foram consumidos R$ 420 milh\u00f5es. O restante, os outros R$ 300 milh\u00f5es \u2013 na realidade \u00e9 um pouco menos porque voc\u00ea tem de tirar da\u00ed IPI, PIS e Cofins \u2013 abre tamb\u00e9m para pessoas jur\u00eddicas, al\u00e9m de pessoas f\u00edsicas. Ou seja, agora \u00e9 para todo mundo. Ent\u00e3o vai [totalizar] R$ 800 milh\u00f5es\u201d, acrescentou.<\/p>\n<p>A\u00a0<a href=\"https:\/\/agenciabrasil.ebc.com.br\/economia\/noticia\/2023-06\/programa-de-incentivo-compra-de-carros-sera-estendido\" target=\"_blank\" rel=\"noopener\">prorroga\u00e7\u00e3o do programa j\u00e1 havia sido anunciada<\/a>\u00a0pelo ministro da Fazenda, Fernando Haddad, na quarta-feira (28). Na oportunidade, o ministro disse que a demanda por carros mais econ\u00f4micos e menos poluentes surpreendeu as montadoras e o governo, praticamente esgotando os recursos dispon\u00edveis para o programa.<\/p>\n<p><span style=\"font-weight: 400;\"><br \/>\n<\/span><span style=\"font-weight: 400;\">Fonte: Ag\u00eancia Brasil <\/span><\/p>\n","protected":false},"excerpt":{"rendered":"<p>O presidente Luiz In\u00e1cio Lula da Silva assinar\u00e1 ainda nesta sexta-feira (30) a medida provis\u00f3ria que ampliar\u00e1 em R$ 300 milh\u00f5es os recursos a serem disponibilizados para o\u00a0programa de incentivos \u00e0 compra de ve\u00edculos populares. O an\u00fancio foi feito pelo vice-presidente e ministro do Desenvolvimento, Ind\u00fastria, Com\u00e9rcio e Servi\u00e7os, Geraldo Alckmin, durante visita ao Paran\u00e1. [&hellip;]<\/p>\n","protected":false},"author":246,"featured_media":215516,"comment_status":"closed","ping_status":"closed","sticky":false,"template":"","format":"standard","meta":{"footnotes":""},"categories":[436,261,439],"tags":[],"class_list":["post-215515","post","type-post","status-publish","format-standard","has-post-thumbnail","hentry","category-destaque-da-semana","category-economia","category-ultima-hora"],"_links":{"self":[{"href":"https:\/\/diarioregionaldigital.com.br\/index.php?rest_route=\/wp\/v2\/posts\/215515","targetHints":{"allow":["GET"]}}],"collection":[{"href":"https:\/\/diarioregionaldigital.com.br\/index.php?rest_route=\/wp\/v2\/posts"}],"about":[{"href":"https:\/\/diarioregionaldigital.com.br\/index.php?rest_route=\/wp\/v2\/types\/post"}],"author":[{"embeddable":true,"href":"https:\/\/diarioregionaldigital.com.br\/index.php?rest_route=\/wp\/v2\/users\/246"}],"replies":[{"embeddable":true,"href":"https:\/\/diarioregionaldigital.com.br\/index.php?rest_route=%2Fwp%2Fv2%2Fcomments&post=215515"}],"version-history":[{"count":1,"href":"https:\/\/diarioregionaldigital.com.br\/index.php?rest_route=\/wp\/v2\/posts\/215515\/revisions"}],"predecessor-version":[{"id":215517,"href":"https:\/\/diarioregionaldigital.com.br\/index.php?rest_route=\/wp\/v2\/posts\/215515\/revisions\/215517"}],"wp:featuredmedia":[{"embeddable":true,"href":"https:\/\/diarioregionaldigital.com.br\/index.php?rest_route=\/wp\/v2\/media\/215516"}],"wp:attachment":[{"href":"https:\/\/diarioregionaldigital.com.br\/index.php?rest_route=%2Fwp%2Fv2%2Fmedia&parent=215515"}],"wp:term":[{"taxonomy":"category","embeddable":true,"href":"https:\/\/diarioregionaldigital.com.br\/index.php?rest_route=%2Fwp%2Fv2%2Fcategories&post=215515"},{"taxonomy":"post_tag","embeddable":true,"href":"https:\/\/diarioregionaldigital.com.br\/index.php?rest_route=%2Fwp%2Fv2%2Ftags&post=215515"}],"curies":[{"name":"wp","href":"https:\/\/api.w.org\/{rel}","templated":true}]}}