{"id":215498,"date":"2023-06-29T19:24:57","date_gmt":"2023-06-29T22:24:57","guid":{"rendered":"https:\/\/diarioregionaldigital.com.br\/?p=215498"},"modified":"2023-06-29T19:24:57","modified_gmt":"2023-06-29T22:24:57","slug":"alistamento-militar-tem-horario-de-atendimento-alterado-nesta-sexta-30","status":"publish","type":"post","link":"https:\/\/diarioregionaldigital.com.br\/?p=215498","title":{"rendered":"Alistamento Militar tem hor\u00e1rio de atendimento alterado nesta sexta, 30"},"content":{"rendered":"<p>Segundo informa\u00e7\u00f5es do site da Prefeitura de Juiz de Fora (PJF), a\u00a0Junta do Servi\u00e7o Militar de Juiz de Fora informa altera\u00e7\u00e3o no hor\u00e1rio de atendimento ao p\u00fablico nesta sexta-feira, 30. O jovem que ainda n\u00e3o se alistou tem de 8h \u00e0s 14h para comparecer com documentos em m\u00e3os \u00e0 Avenida Sete de Setembro, 768, no bairro Costa Carvalho, ao lado da Secretaria de Seguran\u00e7a Urbana e Cidadania (Sesuc). O servi\u00e7o n\u00e3o ser\u00e1 fechado para almo\u00e7o de 12h \u00e0s 13h como de costume, mas encerrar\u00e1 mais cedo. O procedimento tamb\u00e9m pode ser feito pelo <a href=\"http:\/\/www.alistamento.eb.mil.br\/\"><strong>site<\/strong><\/a>, at\u00e9 \u00e0s 23h59 da sexta-feira.<\/p>\n<p>Este \u00e9 o \u00faltimo prazo para jovens do sexo masculino, nascidos em 2005, que completam 18 anos em 2023, se apresentarem ao servi\u00e7o militar obrigat\u00f3rio. Para a inscri\u00e7\u00e3o \u00e9 necess\u00e1rio portar CPF, carteira de identidade ou carteira de trabalho, comprovante de endere\u00e7o com CEP, e-mail e n\u00famero de telefone. Ap\u00f3s o fim do prazo, a regulariza\u00e7\u00e3o \u00e9 feita mediante pagamento de multa, que sofre corre\u00e7\u00e3o a cada tr\u00eas meses.<\/p>\n<p>Para quem optar pelo alistamento online, a Junta chama a aten\u00e7\u00e3o para o cuidado em cumprir todas as etapas. Primeiro \u00e9 necess\u00e1rio fazer um cadastro na plataforma gov.br e em seguida efetuar o alistamento.<\/p>\n<p>O alistamento militar \u00e9 obrigat\u00f3rio. N\u00e3o faz\u00ea-lo implica em complica\u00e7\u00f5es futuras como impedimento para presta\u00e7\u00e3o de concursos p\u00fablicos, matr\u00edcula em estabelecimentos de ensino p\u00fablico, retirada de carteira de trabalho, passaporte e at\u00e9 recebimento de pr\u00eamio do Governo Federal, como a Loteria.<\/p>\n","protected":false},"excerpt":{"rendered":"<p>Segundo informa\u00e7\u00f5es do site da Prefeitura de Juiz de Fora (PJF), a\u00a0Junta do Servi\u00e7o Militar de Juiz de Fora informa altera\u00e7\u00e3o no hor\u00e1rio de atendimento ao p\u00fablico nesta sexta-feira, 30. O jovem que ainda n\u00e3o se alistou tem de 8h \u00e0s 14h para comparecer com documentos em m\u00e3os \u00e0 Avenida Sete de Setembro, 768, no [&hellip;]<\/p>\n","protected":false},"author":246,"featured_media":215499,"comment_status":"closed","ping_status":"closed","sticky":false,"template":"","format":"standard","meta":{"footnotes":""},"categories":[253,436,439],"tags":[],"class_list":["post-215498","post","type-post","status-publish","format-standard","has-post-thumbnail","hentry","category-cidade","category-destaque-da-semana","category-ultima-hora"],"_links":{"self":[{"href":"https:\/\/diarioregionaldigital.com.br\/index.php?rest_route=\/wp\/v2\/posts\/215498","targetHints":{"allow":["GET"]}}],"collection":[{"href":"https:\/\/diarioregionaldigital.com.br\/index.php?rest_route=\/wp\/v2\/posts"}],"about":[{"href":"https:\/\/diarioregionaldigital.com.br\/index.php?rest_route=\/wp\/v2\/types\/post"}],"author":[{"embeddable":true,"href":"https:\/\/diarioregionaldigital.com.br\/index.php?rest_route=\/wp\/v2\/users\/246"}],"replies":[{"embeddable":true,"href":"https:\/\/diarioregionaldigital.com.br\/index.php?rest_route=%2Fwp%2Fv2%2Fcomments&post=215498"}],"version-history":[{"count":1,"href":"https:\/\/diarioregionaldigital.com.br\/index.php?rest_route=\/wp\/v2\/posts\/215498\/revisions"}],"predecessor-version":[{"id":215500,"href":"https:\/\/diarioregionaldigital.com.br\/index.php?rest_route=\/wp\/v2\/posts\/215498\/revisions\/215500"}],"wp:featuredmedia":[{"embeddable":true,"href":"https:\/\/diarioregionaldigital.com.br\/index.php?rest_route=\/wp\/v2\/media\/215499"}],"wp:attachment":[{"href":"https:\/\/diarioregionaldigital.com.br\/index.php?rest_route=%2Fwp%2Fv2%2Fmedia&parent=215498"}],"wp:term":[{"taxonomy":"category","embeddable":true,"href":"https:\/\/diarioregionaldigital.com.br\/index.php?rest_route=%2Fwp%2Fv2%2Fcategories&post=215498"},{"taxonomy":"post_tag","embeddable":true,"href":"https:\/\/diarioregionaldigital.com.br\/index.php?rest_route=%2Fwp%2Fv2%2Ftags&post=215498"}],"curies":[{"name":"wp","href":"https:\/\/api.w.org\/{rel}","templated":true}]}}