{"id":215495,"date":"2023-06-29T19:22:25","date_gmt":"2023-06-29T22:22:25","guid":{"rendered":"https:\/\/diarioregionaldigital.com.br\/?p=215495"},"modified":"2023-06-29T19:22:25","modified_gmt":"2023-06-29T22:22:25","slug":"juiz-de-fora-gera-424-novos-empregos-em-maio-acumulado-do-ano-e-recorde-desde-inicio-da-serie-historica-do-novo-caged","status":"publish","type":"post","link":"https:\/\/diarioregionaldigital.com.br\/?p=215495","title":{"rendered":"Juiz de Fora gera 424 novos empregos em maio; acumulado do ano \u00e9 recorde desde in\u00edcio da s\u00e9rie hist\u00f3rica do Novo Caged"},"content":{"rendered":"<p>Segundo informa\u00e7\u00f5es do site da Prefeitura de Juiz de Fora (PJF), Juiz de Fora gerou 424 postos de trabalho em maio de 2023. O saldo \u00e9 resultado da diferen\u00e7a entre 5.472 admiss\u00f5es e 5.048 desligamentos realizados no per\u00edodo, conforme o Cadastro Geral de Empregados e Desempregados (Caged), divulgado nesta quinta-feira, 29, pelo Minist\u00e9rio do Trabalho e Emprego (MTE).<\/p>\n<div id=\"box_texto_noticia\">\n<p>No acumulado do ano de 2023, o saldo foi de 2.654 vagas criadas, 682 vagas a mais do que o saldo acumulado dos primeiros cinco meses do ano passado (2022). Este valor representa o maior saldo para o per\u00edodo desde o in\u00edcio da s\u00e9rie hist\u00f3rica do Novo Caged, iniciada em janeiro de 2020. Em 2020, ano da pandemia, o saldo foi negativo, -6.621; em 2021, +1.849; e em 2022, +1.972 vagas criadas.<\/p>\n<p>Em maio, o estoque (total de v\u00ednculos celetistas) na cidade chegou a 138.175, crescimento de 0,31% em rela\u00e7\u00e3o ao m\u00eas imediatamente anterior, abril de 2023. O mesmo \u00edndice cresceu 0,36% no pa\u00eds e 0,58% em Minas Gerais.<\/p>\n<p>Em Juiz de Fora, todos os setores apresentaram resultado positivo em maio de 2023, exceto a Ind\u00fastria, onde as demiss\u00f5es superaram as contrata\u00e7\u00f5es em 28 postos. O setor que mais empregou no m\u00eas foi o Com\u00e9rcio, com saldo positivo de 167 postos de trabalho; seguido da Constru\u00e7\u00e3o, com 146; Servi\u00e7os, 133; e Agropecu\u00e1ria, 6.<\/p>\n<p>Apesar da queda no m\u00eas de maio, o setor Industrial apresentou saldo positivo no acumulado dos primeiros cinco meses do ano, 504 vagas criadas. No Brasil, as admiss\u00f5es superaram os desligamentos em 155.270 postos. Com rela\u00e7\u00e3o aos dados referentes ao estado, o saldo total de empregos tamb\u00e9m ficou positivo, 26.626. Todos os setores apresentaram saldo positivo em Minas e Brasil.<\/p>\n<\/div>\n<p>&nbsp;<\/p>\n","protected":false},"excerpt":{"rendered":"<p>Segundo informa\u00e7\u00f5es do site da Prefeitura de Juiz de Fora (PJF), Juiz de Fora gerou 424 postos de trabalho em maio de 2023. O saldo \u00e9 resultado da diferen\u00e7a entre 5.472 admiss\u00f5es e 5.048 desligamentos realizados no per\u00edodo, conforme o Cadastro Geral de Empregados e Desempregados (Caged), divulgado nesta quinta-feira, 29, pelo Minist\u00e9rio do Trabalho [&hellip;]<\/p>\n","protected":false},"author":246,"featured_media":215496,"comment_status":"closed","ping_status":"closed","sticky":false,"template":"","format":"standard","meta":{"footnotes":""},"categories":[253,436,440,439],"tags":[],"class_list":["post-215495","post","type-post","status-publish","format-standard","has-post-thumbnail","hentry","category-cidade","category-destaque-da-semana","category-destaques-do-dia","category-ultima-hora"],"_links":{"self":[{"href":"https:\/\/diarioregionaldigital.com.br\/index.php?rest_route=\/wp\/v2\/posts\/215495","targetHints":{"allow":["GET"]}}],"collection":[{"href":"https:\/\/diarioregionaldigital.com.br\/index.php?rest_route=\/wp\/v2\/posts"}],"about":[{"href":"https:\/\/diarioregionaldigital.com.br\/index.php?rest_route=\/wp\/v2\/types\/post"}],"author":[{"embeddable":true,"href":"https:\/\/diarioregionaldigital.com.br\/index.php?rest_route=\/wp\/v2\/users\/246"}],"replies":[{"embeddable":true,"href":"https:\/\/diarioregionaldigital.com.br\/index.php?rest_route=%2Fwp%2Fv2%2Fcomments&post=215495"}],"version-history":[{"count":1,"href":"https:\/\/diarioregionaldigital.com.br\/index.php?rest_route=\/wp\/v2\/posts\/215495\/revisions"}],"predecessor-version":[{"id":215497,"href":"https:\/\/diarioregionaldigital.com.br\/index.php?rest_route=\/wp\/v2\/posts\/215495\/revisions\/215497"}],"wp:featuredmedia":[{"embeddable":true,"href":"https:\/\/diarioregionaldigital.com.br\/index.php?rest_route=\/wp\/v2\/media\/215496"}],"wp:attachment":[{"href":"https:\/\/diarioregionaldigital.com.br\/index.php?rest_route=%2Fwp%2Fv2%2Fmedia&parent=215495"}],"wp:term":[{"taxonomy":"category","embeddable":true,"href":"https:\/\/diarioregionaldigital.com.br\/index.php?rest_route=%2Fwp%2Fv2%2Fcategories&post=215495"},{"taxonomy":"post_tag","embeddable":true,"href":"https:\/\/diarioregionaldigital.com.br\/index.php?rest_route=%2Fwp%2Fv2%2Ftags&post=215495"}],"curies":[{"name":"wp","href":"https:\/\/api.w.org\/{rel}","templated":true}]}}