{"id":215492,"date":"2023-06-29T19:18:32","date_gmt":"2023-06-29T22:18:32","guid":{"rendered":"https:\/\/diarioregionaldigital.com.br\/?p=215492"},"modified":"2023-06-29T19:18:32","modified_gmt":"2023-06-29T22:18:32","slug":"tv-brasil-comeca-a-transmitir-jogos-da-serie-d-no-proximo-sabado","status":"publish","type":"post","link":"https:\/\/diarioregionaldigital.com.br\/?p=215492","title":{"rendered":"TV Brasil come\u00e7a a transmitir jogos da S\u00e9rie D no pr\u00f3ximo s\u00e1bado"},"content":{"rendered":"<p>A partir do pr\u00f3ximo s\u00e1bado (1\u00ba), com o duelo entre Tuna Luso, do Par\u00e1, e Humait\u00e1, do Acre, \u00e0s 15h (hor\u00e1rio de Bras\u00edlia), a\u00a0<strong>TV Brasil<\/strong>\u00a0ser\u00e1 a casa da S\u00e9rie D na televis\u00e3o aberta nacional em 2023. A competi\u00e7\u00e3o &#8211; que representa a 4\u00aa divis\u00e3o brasileira &#8211; ter\u00e1 dois jogos transmitidos por fim de semana. Com 64 clubes espalhados pelos 26 estados, al\u00e9m do Distrito Federal, o torneio pode ser considerado o mais democr\u00e1tico do futebol do pa\u00eds.<img decoding=\"async\" src=\"https:\/\/agenciabrasil.ebc.com.br\/ebc.png?id=1541176&amp;o=node\" \/><img decoding=\"async\" src=\"https:\/\/agenciabrasil.ebc.com.br\/ebc.gif?id=1541176&amp;o=node\" \/><\/p>\n<p>A S\u00e9rie D 2023 come\u00e7ou em 6 de maio. Os 64 clubes participantes (quatro rebaixados da S\u00e9rie C do ano anterior e outros 60 classificados de acordo com as vagas estaduais distribu\u00eddas com base no Ranking Nacional das Federa\u00e7\u00f5es da CBF em 2022) lutam por quatro vagas que d\u00e3o acesso \u00e0 S\u00e9rie C de 2024. A competi\u00e7\u00e3o est\u00e1 prevista para terminar em 29 de outubro.<\/p>\n<p>Na primeira fase, as equipes est\u00e3o divididas em oito grupos com oito clubes cada, enfrentando cada advers\u00e1rio duas vezes, num total de 14 partidas. A divis\u00e3o \u00e9 feita por regi\u00e3o do pa\u00eds. Os quatro primeiros colocados de cada chave se classificam \u00e0 segunda fase. Da\u00ed em diante, o futuro dos times ser\u00e1 sempre definido em duelos de mata-mata, com jogos de ida e volta. Quando restarem apenas oito postulantes ao t\u00edtulo, na fase de quartas de final (justamente a que decide quem sobe \u00e0 S\u00e9rie C), os confrontos ser\u00e3o organizados de acordo com as campanhas que as equipes tiverem feito at\u00e9 aquele momento. Os duelos ser\u00e3o entre a 1\u00aa e a 8\u00aa melhor campanha, 2\u00aa versus 7\u00aa, 3\u00aa contra 6\u00aa e 4\u00aa diante da 5\u00aa.<\/p>\n<p>A primeira fase da competi\u00e7\u00e3o entra agora em sua reta final, com os times dando o \u00faltimo g\u00e1s para buscarem as vagas ao mata-mata. O primeiro duelo a ser transmitido pela\u00a0<strong>TV Brasil<\/strong>\u00a0envolve duas equipes do Grupo 1: a Tuna Luso, vice-l\u00edder com 19 pontos em dez jogos disputados, e o Humait\u00e1, quarto colocado, que somou 14 at\u00e9 agora. O palco do jogo ser\u00e1 o est\u00e1dio Francisco Vasques, em Bel\u00e9m.<\/p>\n<p>Um dia depois, domingo (2), o confronto exibido ser\u00e1 entre o Brasil de Pelotas e o Caxias. O confronto entre o Xavante, 6\u00ba colocado do Grupo 8 com 11 pontos, e o Gren\u00e1 da Serra, vice-l\u00edder da chave com 17 pontos, ser\u00e1 disputado a partir das 15h no est\u00e1dio Bento de Freitas, em Pelotas.<\/p>\n<p><span style=\"font-weight: 400;\"><br \/>\n<\/span><span style=\"font-weight: 400;\">Fonte: Ag\u00eancia Brasil <\/span><\/p>\n","protected":false},"excerpt":{"rendered":"<p>A partir do pr\u00f3ximo s\u00e1bado (1\u00ba), com o duelo entre Tuna Luso, do Par\u00e1, e Humait\u00e1, do Acre, \u00e0s 15h (hor\u00e1rio de Bras\u00edlia), a\u00a0TV Brasil\u00a0ser\u00e1 a casa da S\u00e9rie D na televis\u00e3o aberta nacional em 2023. A competi\u00e7\u00e3o &#8211; que representa a 4\u00aa divis\u00e3o brasileira &#8211; ter\u00e1 dois jogos transmitidos por fim de semana. Com [&hellip;]<\/p>\n","protected":false},"author":246,"featured_media":215493,"comment_status":"closed","ping_status":"closed","sticky":false,"template":"","format":"standard","meta":{"footnotes":""},"categories":[436,254,439],"tags":[],"class_list":["post-215492","post","type-post","status-publish","format-standard","has-post-thumbnail","hentry","category-destaque-da-semana","category-politica","category-ultima-hora"],"_links":{"self":[{"href":"https:\/\/diarioregionaldigital.com.br\/index.php?rest_route=\/wp\/v2\/posts\/215492","targetHints":{"allow":["GET"]}}],"collection":[{"href":"https:\/\/diarioregionaldigital.com.br\/index.php?rest_route=\/wp\/v2\/posts"}],"about":[{"href":"https:\/\/diarioregionaldigital.com.br\/index.php?rest_route=\/wp\/v2\/types\/post"}],"author":[{"embeddable":true,"href":"https:\/\/diarioregionaldigital.com.br\/index.php?rest_route=\/wp\/v2\/users\/246"}],"replies":[{"embeddable":true,"href":"https:\/\/diarioregionaldigital.com.br\/index.php?rest_route=%2Fwp%2Fv2%2Fcomments&post=215492"}],"version-history":[{"count":1,"href":"https:\/\/diarioregionaldigital.com.br\/index.php?rest_route=\/wp\/v2\/posts\/215492\/revisions"}],"predecessor-version":[{"id":215494,"href":"https:\/\/diarioregionaldigital.com.br\/index.php?rest_route=\/wp\/v2\/posts\/215492\/revisions\/215494"}],"wp:featuredmedia":[{"embeddable":true,"href":"https:\/\/diarioregionaldigital.com.br\/index.php?rest_route=\/wp\/v2\/media\/215493"}],"wp:attachment":[{"href":"https:\/\/diarioregionaldigital.com.br\/index.php?rest_route=%2Fwp%2Fv2%2Fmedia&parent=215492"}],"wp:term":[{"taxonomy":"category","embeddable":true,"href":"https:\/\/diarioregionaldigital.com.br\/index.php?rest_route=%2Fwp%2Fv2%2Fcategories&post=215492"},{"taxonomy":"post_tag","embeddable":true,"href":"https:\/\/diarioregionaldigital.com.br\/index.php?rest_route=%2Fwp%2Fv2%2Ftags&post=215492"}],"curies":[{"name":"wp","href":"https:\/\/api.w.org\/{rel}","templated":true}]}}