{"id":215486,"date":"2023-06-29T19:15:44","date_gmt":"2023-06-29T22:15:44","guid":{"rendered":"https:\/\/diarioregionaldigital.com.br\/?p=215486"},"modified":"2023-06-29T19:15:44","modified_gmt":"2023-06-29T22:15:44","slug":"basquete-comissao-tecnica-define-as-12-jogadoras-que-irao-a-americupw","status":"publish","type":"post","link":"https:\/\/diarioregionaldigital.com.br\/?p=215486","title":{"rendered":"Basquete: comiss\u00e3o t\u00e9cnica define as 12 jogadoras que ir\u00e3o \u00e0 AmeriCupW"},"content":{"rendered":"<p>A comiss\u00e3o t\u00e9cnica da sele\u00e7\u00e3o brasileira feminina de basquete definiu nesta quarta-feira (28) as 12 jogadoras que disputar\u00e3o a AmeriCupW &#8211; a Copa Am\u00e9rica Feminina &#8211; a partir do pr\u00f3ximo s\u00e1bado (1\u00ba de julho), na cidade de Le\u00f3n (M\u00e9xico). A estreia da equipe comandada pelo treinador Jos\u00e9 Neto ser\u00e1 contra Cuba, no pr\u00f3ximo s\u00e1bado (1\u00ba de julho), \u00e0s 15h10 (hor\u00e1rio de Bras\u00edlia). Ao todo,\u00a0<a href=\"https:\/\/agenciabrasil.ebc.com.br\/esportes\/noticia\/2023-05\/basquete-selecao-brasileira-feminina-e-convocada-para-copa-america\">19 atletas foram inicialmente convocadas<\/a>\u00a0e vinham treinando desde o \u00faltimo dia 13, em\u00a0Araraquara (SP).\u00a0<img decoding=\"async\" src=\"https:\/\/agenciabrasil.ebc.com.br\/ebc.png?id=1540958&amp;o=node\" \/><img decoding=\"async\" src=\"https:\/\/agenciabrasil.ebc.com.br\/ebc.gif?id=1540958&amp;o=node\" \/><\/p>\n<p>Na corrida por vaga ol\u00edmpica nos Jogos de Paris 2024, chegar \u00e0 final da AmeriCupW assegura a presen\u00e7a das equipes\u00a0no Pr\u00e9-Ol\u00edmpico Mundial de 2024. J\u00e1 quem terminar o torneio nas demais quatro posi\u00e7\u00f5es (do terceiro ao sexto lugar) disputar\u00e1 antes o Pr\u00e9-Ol\u00edmpico das Am\u00e9ricas ainda este ano (novamente, aos finalistas \u00e9 garantida a presen\u00e7a no\u00a0Pr\u00e9-Ol\u00edmpico Mundial).<\/p>\n<h2>Formato da disputa<\/h2>\n<p>A AmeriCupW\u00a0reunir\u00e1 10 sele\u00e7\u00f5es, divididas em duas chaves. O Brasil &#8211; bronze nas duas \u00faltimas edi\u00e7\u00f5es do torneio &#8211; est\u00e1 no Grupo A, que al\u00e9m de Cuba, tem Venezuela, Argentina e Estados Unidos. J\u00e1 na chave B est\u00e3o Canad\u00e1, Rep\u00fablica Dominicana, Col\u00f4mbia, M\u00e9xico e Porto Rico.<\/p>\n<p>Na primeira rodada, a partir de s\u00e1bado (1\u00ba), as sele\u00e7\u00f5es competem entre si, dentro dos pr\u00f3prios grupos.\u00a0 As quatro melhores avan\u00e7am \u00e0s quartas de final\u00a0 (1A x 4B, 2A x 3B, 3A x 2B, 4A x 1B), programadas para 7 de julho. Quem se classificar disputar\u00e1 as semifinais no dia 8 e a decis\u00e3o do t\u00edtulo ser\u00e1 no dia 9 de julho.<\/p>\n<h2>De olho em Paris 2024<\/h2>\n<p>A Olimp\u00edada reunir\u00e1 apenas 12 sele\u00e7\u00f5es femininas. Duas vagas j\u00e1 est\u00e3o definidas: uma dos Estados Unidos, campe\u00e3o da Copa do Mundo de 2022, e outra da Fran\u00e7a por ser o pa\u00eds-sede. As demais vagas ser\u00e3o distribu\u00eddas nos torneios classificat\u00f3rios continentais.\u00a0 Haver\u00e1 dois torneios de quatro equipes tanto na \u00c1sia, quanto nas Am\u00e9ricas, e um de seis equipes na \u00c1frica. Os campe\u00f5es e os vices de cada competi\u00e7\u00e3o se garantem nos Pr\u00e9-Ol\u00edmpicos.<\/p>\n<p>Ao todo os Pr\u00e9-Ol\u00edmpicos reunir\u00e3o 16 sele\u00e7\u00f5es de todos os continentes. Ser\u00e3o quatro torneios com quatro pa\u00edses cada. Ao final, as tr\u00eas melhores arrematam as \u00faltimas vagas para Paris.<\/p>\n<h2>Sele\u00e7\u00e3o brasileira<\/h2>\n<p><strong>ARMADORAS<\/strong><br \/>\nD\u00e9bora Costa &#8211; SESI Araraquara<br \/>\nAlana Gon\u00e7alo &#8211; Sampaio Basquete<\/p>\n<p><strong>ALAS\/ARMADORAS<\/strong><br \/>\nTain\u00e1 Paix\u00e3o &#8211; Sampaio Basquete<br \/>\nIsabela Ramona &#8211; Samara-RUS<br \/>\nGabriella Soares &#8211; SESI Araraquara<\/p>\n<p><strong>ALAS<\/strong><br \/>\nRaphaella Monteiro &#8211; Sampaio Basquete<br \/>\nEmanuely de Oliveira &#8211; Sampaio Basquete<\/p>\n<p><strong>ALAS\/PIV\u00d4S<\/strong><br \/>\nDamiris Dantas &#8211; Fuerza Regia-MEX<br \/>\nVanessa Sass\u00e1 &#8211; Santo Andr\u00e9<br \/>\nAline Moura &#8211; SESI Araraquara<\/p>\n<p><strong>PIV\u00d4S<\/strong><br \/>\nErika de Souza &#8211; Sampaio Basquete<br \/>\nKamilla Cardoso &#8211; South Carolina-EUA<\/p>\n<p><span style=\"font-weight: 400;\">Fonte: Ag\u00eancia Brasil <\/span><\/p>\n","protected":false},"excerpt":{"rendered":"<p>A comiss\u00e3o t\u00e9cnica da sele\u00e7\u00e3o brasileira feminina de basquete definiu nesta quarta-feira (28) as 12 jogadoras que disputar\u00e3o a AmeriCupW &#8211; a Copa Am\u00e9rica Feminina &#8211; a partir do pr\u00f3ximo s\u00e1bado (1\u00ba de julho), na cidade de Le\u00f3n (M\u00e9xico). A estreia da equipe comandada pelo treinador Jos\u00e9 Neto ser\u00e1 contra Cuba, no pr\u00f3ximo s\u00e1bado (1\u00ba [&hellip;]<\/p>\n","protected":false},"author":246,"featured_media":215487,"comment_status":"closed","ping_status":"closed","sticky":false,"template":"","format":"standard","meta":{"footnotes":""},"categories":[436,257,439],"tags":[],"class_list":["post-215486","post","type-post","status-publish","format-standard","has-post-thumbnail","hentry","category-destaque-da-semana","category-esporte","category-ultima-hora"],"_links":{"self":[{"href":"https:\/\/diarioregionaldigital.com.br\/index.php?rest_route=\/wp\/v2\/posts\/215486","targetHints":{"allow":["GET"]}}],"collection":[{"href":"https:\/\/diarioregionaldigital.com.br\/index.php?rest_route=\/wp\/v2\/posts"}],"about":[{"href":"https:\/\/diarioregionaldigital.com.br\/index.php?rest_route=\/wp\/v2\/types\/post"}],"author":[{"embeddable":true,"href":"https:\/\/diarioregionaldigital.com.br\/index.php?rest_route=\/wp\/v2\/users\/246"}],"replies":[{"embeddable":true,"href":"https:\/\/diarioregionaldigital.com.br\/index.php?rest_route=%2Fwp%2Fv2%2Fcomments&post=215486"}],"version-history":[{"count":1,"href":"https:\/\/diarioregionaldigital.com.br\/index.php?rest_route=\/wp\/v2\/posts\/215486\/revisions"}],"predecessor-version":[{"id":215488,"href":"https:\/\/diarioregionaldigital.com.br\/index.php?rest_route=\/wp\/v2\/posts\/215486\/revisions\/215488"}],"wp:featuredmedia":[{"embeddable":true,"href":"https:\/\/diarioregionaldigital.com.br\/index.php?rest_route=\/wp\/v2\/media\/215487"}],"wp:attachment":[{"href":"https:\/\/diarioregionaldigital.com.br\/index.php?rest_route=%2Fwp%2Fv2%2Fmedia&parent=215486"}],"wp:term":[{"taxonomy":"category","embeddable":true,"href":"https:\/\/diarioregionaldigital.com.br\/index.php?rest_route=%2Fwp%2Fv2%2Fcategories&post=215486"},{"taxonomy":"post_tag","embeddable":true,"href":"https:\/\/diarioregionaldigital.com.br\/index.php?rest_route=%2Fwp%2Fv2%2Ftags&post=215486"}],"curies":[{"name":"wp","href":"https:\/\/api.w.org\/{rel}","templated":true}]}}