{"id":215468,"date":"2023-06-29T18:18:48","date_gmt":"2023-06-29T21:18:48","guid":{"rendered":"https:\/\/diarioregionaldigital.com.br\/?p=215468"},"modified":"2023-06-29T18:18:48","modified_gmt":"2023-06-29T21:18:48","slug":"presidente-do-bc-defende-meta-continua-de-inflacao","status":"publish","type":"post","link":"https:\/\/diarioregionaldigital.com.br\/?p=215468","title":{"rendered":"Presidente do BC defende meta cont\u00ednua de infla\u00e7\u00e3o"},"content":{"rendered":"<p>O presidente do Banco Central (BC), Roberto Campo Neto, disse, nesta quinta-feira (29), que a ado\u00e7\u00e3o de uma meta cont\u00ednua de infla\u00e7\u00e3o \u00e9 mais eficiente que o modelo atual, de meta estabelecida. O\u00a0<a href=\"https:\/\/agenciabrasil.ebc.com.br\/economia\/noticia\/2023-06\/conselho-monetario-nacional-discutira-alongamento-de-metas-de-inflacao\" target=\"_blank\" rel=\"noopener\">alongamento das metas<\/a>\u00a0ser\u00e1 um dos temas discutidos na reuni\u00e3o desta quinta-feira do Conselho Monet\u00e1rio Nacional (CMN).<img decoding=\"async\" src=\"https:\/\/agenciabrasil.ebc.com.br\/ebc.png?id=1541135&amp;o=node\" \/><img decoding=\"async\" src=\"https:\/\/agenciabrasil.ebc.com.br\/ebc.gif?id=1541135&amp;o=node\" \/><\/p>\n<p>\u201cFoi feito um trabalho l\u00e1 atr\u00e1s, come\u00e7ou em 2017, e esse estudo mostra que a meta continua ela \u00e9 mais eficiente\u201d, disse Campos Neto na divulga\u00e7\u00e3o do\u00a0<a href=\"https:\/\/agenciabrasil.ebc.com.br\/economia\/noticia\/2023-06\/bc-aumenta-projecao-de-crescimento-do-pib-de-12-para-2\" target=\"_blank\" rel=\"noopener\">Relat\u00f3rio de Infla\u00e7\u00e3o do BC<\/a>. \u201cEsse \u00e9 um aperfei\u00e7oamento do sistema de metas que a gente acha interessante\u201d, acrescentou sobre uma poss\u00edvel mudan\u00e7a.<\/p>\n<p>O modelo de meta cont\u00ednua \u00e9 defendido pelo ministro da Fazenda, Fernando Haddad. Atualmente, o Banco Central persegue uma meta de infla\u00e7\u00e3o estabelecida a cada ano, com uma margem de toler\u00e2ncia de 1,5 ponto percentual para mais ou para menos. No sistema de meta cont\u00ednua, usado em v\u00e1rios pa\u00edses desenvolvidos, o horizonte pode ser aberto ou obedecer a um prazo maior que um ano, como 18 ou 24 meses.<\/p>\n<p>\u201cEm alguns momentos na nossa hist\u00f3ria, o que aconteceu \u00e9 que o governo ficou preocupado com estourar a meta no ano espec\u00edfico e acabou tomando medidas no final do ano que fizesse com aquela infla\u00e7\u00e3o ca\u00edsse de forma pontual e que gerou uma aloca\u00e7\u00e3o de recursos que n\u00e3o eram mais eficiente do ponto de vista econ\u00f4mico\u201d, explicou Campos Neto, sobre a falta de efici\u00eancia do atual modelo.<\/p>\n<p>O presidente do BC explicou ainda que grande parte dos pa\u00edses n\u00e3o usa mais a meta por ano-calend\u00e1rio e que o sistema foi implementado no Brasil em um momento de infla\u00e7\u00e3o muito alta, com a necessidade de auferimentos de curto prazo das metas.<\/p>\n<p>Para este ano, a meta de infla\u00e7\u00e3o do Brasil est\u00e1 fixada em 3,25% e, para 2024 e 2025, em 3%, todas com a mesma margem de toler\u00e2ncia.<\/p>\n<p>Com reuni\u00f5es mensais, o CMN \u00e9 formado por Campos Neto, por Haddad; pela ministra do Planejamento, Simone Tebet. Geralmente, as decis\u00f5es ocorrem por consenso, mas, caso haja diverg\u00eancias, s\u00e3o decididas por maioria de voto.<\/p>\n<h2>Queda dos juros<\/h2>\n<p>O principal instrumento usado pelo BC para alcan\u00e7ar a meta de infla\u00e7\u00e3o definida pelo CMN \u00e9 a taxa Selic, os juros b\u00e1sicos da economia. Na \u00faltima reuni\u00e3o, o Comit\u00ea de Pol\u00edtica Monet\u00e1ria (Copom) decidiu pela\u00a0<a href=\"https:\/\/agenciabrasil.ebc.com.br\/economia\/noticia\/2023-06\/copom-mantem-juros-basicos-da-economia-em-1375-ao-ano\" target=\"_blank\" rel=\"noopener\">manuten\u00e7\u00e3o da Selic em 13,75%<\/a>, o maior n\u00edvel desde janeiro de 2017. Em mar\u00e7o do ano passado, o BC iniciou um ciclo de aperto monet\u00e1rio, em meio \u00e0 alta dos pre\u00e7os de alimentos, de energia e de combust\u00edveis.<\/p>\n<p>A decis\u00e3o tem motivado cr\u00edticas do governo federal pois os efeitos do aperto monet\u00e1rio s\u00e3o sentidos no\u00a0<a href=\"https:\/\/agenciabrasil.ebc.com.br\/economia\/noticia\/2023-06\/em-maio-juros-medios-dos-bancos-sobem-para-454-ao-ano\" target=\"_blank\" rel=\"noopener\">encarecimento do cr\u00e9dito<\/a>\u00a0e na desacelera\u00e7\u00e3o da economia.<\/p>\n<p>Segundo Campos Neto, a maioria dos integrantes do Copom, formado pelos diretores do BC, v\u00ea uma \u201cporta aberta\u201d para iniciar o\u00a0<a href=\"https:\/\/agenciabrasil.ebc.com.br\/economia\/noticia\/2023-06\/copom-acena-com-possibilidade-de-queda-dos-juros-partir-de-agosto\" target=\"_blank\" rel=\"noopener\">corte de juros em agosto<\/a>, entretanto, a decis\u00e3o depender\u00e1 das vari\u00e1veis econ\u00f4micas do momento.<\/p>\n<p>\u201cVoc\u00ea teve um grupo que entendeu que n\u00e3o era bom deixar a porta aberta de forma alguma e tinha um grupo que entendeu que era bom deixar a porta aberta e o que predominou foi a vis\u00e3o de deixar a porta aberta, e foi isso que foi explicado, \u00e9 a ata do Copom\u201d, disse, acrescentando que h\u00e1 uma vis\u00e3o \u201cde grande maioria\u201d de que o processo, em rela\u00e7\u00e3o aos pr\u00f3ximos passos, tem que ser feito com parcim\u00f4nia.<\/p>\n<p>O pano de fundo, segundo Campos Neto, \u00e9 que o processo de desinfla\u00e7\u00e3o est\u00e1 em curso. Em maio, o\u00a0<a href=\"https:\/\/agenciabrasil.ebc.com.br\/economia\/noticia\/2023-06\/inflacao-oficial-cai-para-023-em-maio-e-acumula-295-este-ano\" target=\"_blank\" rel=\"noopener\">\u00cdndice Nacional de Pre\u00e7os ao Consumidor Amplo (IPCA) ficou em 0,23%<\/a>, segundo o Instituto Brasileiro de Geografia e Estat\u00edstica (IBGE). O resultado \u00e9 inferior \u00e0 taxa de abril, de 0,61%. Em 12 meses, o indicador acumula 3,94%, abaixo dos 4,18% acumulados at\u00e9 abril.<\/p>\n<p>Campos Neto citou ainda a melhora em outras vari\u00e1veis econ\u00f4micas, como queda nos juros futuros, crescimento do Produto Interno Bruto (PIB, soma de todos os bens e servi\u00e7os produzidos no pa\u00eds), melhora na confian\u00e7a do consumidor e a eleva\u00e7\u00e3o na nota de d\u00edvida do Brasil pela ag\u00eancia de\u00a0<a href=\"https:\/\/agenciabrasil.ebc.com.br\/economia\/noticia\/2023-06\/sp-eleva-perspectiva-de-nota-da-divida-do-brasil-para-positiva\" target=\"_blank\" rel=\"noopener\">classifica\u00e7\u00e3o de risco Standard &amp; Poor\u2019s<\/a>.<\/p>\n<p><span style=\"font-weight: 400;\">Fonte: Ag\u00eancia Brasil <\/span><\/p>\n","protected":false},"excerpt":{"rendered":"<p>O presidente do Banco Central (BC), Roberto Campo Neto, disse, nesta quinta-feira (29), que a ado\u00e7\u00e3o de uma meta cont\u00ednua de infla\u00e7\u00e3o \u00e9 mais eficiente que o modelo atual, de meta estabelecida. O\u00a0alongamento das metas\u00a0ser\u00e1 um dos temas discutidos na reuni\u00e3o desta quinta-feira do Conselho Monet\u00e1rio Nacional (CMN). \u201cFoi feito um trabalho l\u00e1 atr\u00e1s, come\u00e7ou [&hellip;]<\/p>\n","protected":false},"author":246,"featured_media":215469,"comment_status":"closed","ping_status":"closed","sticky":false,"template":"","format":"standard","meta":{"footnotes":""},"categories":[436,261,439],"tags":[],"class_list":["post-215468","post","type-post","status-publish","format-standard","has-post-thumbnail","hentry","category-destaque-da-semana","category-economia","category-ultima-hora"],"_links":{"self":[{"href":"https:\/\/diarioregionaldigital.com.br\/index.php?rest_route=\/wp\/v2\/posts\/215468","targetHints":{"allow":["GET"]}}],"collection":[{"href":"https:\/\/diarioregionaldigital.com.br\/index.php?rest_route=\/wp\/v2\/posts"}],"about":[{"href":"https:\/\/diarioregionaldigital.com.br\/index.php?rest_route=\/wp\/v2\/types\/post"}],"author":[{"embeddable":true,"href":"https:\/\/diarioregionaldigital.com.br\/index.php?rest_route=\/wp\/v2\/users\/246"}],"replies":[{"embeddable":true,"href":"https:\/\/diarioregionaldigital.com.br\/index.php?rest_route=%2Fwp%2Fv2%2Fcomments&post=215468"}],"version-history":[{"count":1,"href":"https:\/\/diarioregionaldigital.com.br\/index.php?rest_route=\/wp\/v2\/posts\/215468\/revisions"}],"predecessor-version":[{"id":215470,"href":"https:\/\/diarioregionaldigital.com.br\/index.php?rest_route=\/wp\/v2\/posts\/215468\/revisions\/215470"}],"wp:featuredmedia":[{"embeddable":true,"href":"https:\/\/diarioregionaldigital.com.br\/index.php?rest_route=\/wp\/v2\/media\/215469"}],"wp:attachment":[{"href":"https:\/\/diarioregionaldigital.com.br\/index.php?rest_route=%2Fwp%2Fv2%2Fmedia&parent=215468"}],"wp:term":[{"taxonomy":"category","embeddable":true,"href":"https:\/\/diarioregionaldigital.com.br\/index.php?rest_route=%2Fwp%2Fv2%2Fcategories&post=215468"},{"taxonomy":"post_tag","embeddable":true,"href":"https:\/\/diarioregionaldigital.com.br\/index.php?rest_route=%2Fwp%2Fv2%2Ftags&post=215468"}],"curies":[{"name":"wp","href":"https:\/\/api.w.org\/{rel}","templated":true}]}}