{"id":215419,"date":"2023-06-28T19:57:56","date_gmt":"2023-06-28T22:57:56","guid":{"rendered":"https:\/\/diarioregionaldigital.com.br\/?p=215419"},"modified":"2023-06-28T19:57:56","modified_gmt":"2023-06-28T22:57:56","slug":"toffoli-nega-suspender-cassacao-de-deltan-pelo-tse","status":"publish","type":"post","link":"https:\/\/diarioregionaldigital.com.br\/?p=215419","title":{"rendered":"Toffoli nega suspender cassa\u00e7\u00e3o de Deltan pelo TSE"},"content":{"rendered":"<p>O ministro Dias Toffoli, do Supremo Tribunal Federal (STF), negou, nesta quarta-feira (28), pedido do ex-deputado federal Deltan Dallagnol (Podemos-PR) de suspender a decis\u00e3o que cassou seu mandato.<img decoding=\"async\" src=\"https:\/\/agenciabrasil.ebc.com.br\/ebc.png?id=1540876&amp;o=node\" \/><img decoding=\"async\" src=\"https:\/\/agenciabrasil.ebc.com.br\/ebc.gif?id=1540876&amp;o=node\" \/><\/p>\n<p>Na peti\u00e7\u00e3o, a defesa de Deltan pretendia suspender a decis\u00e3o do Tribunal Superior Eleitoral (TSE), que, em abril, entendeu que o ex-parlamentar tentou burlar a Lei da Ficha Limpa ao pedir exonera\u00e7\u00e3o do cargo de procurador da Rep\u00fablica durante a tramita\u00e7\u00e3o de processos disciplinares abertos para apurar sua conduta na condu\u00e7\u00e3o dos processos da Opera\u00e7\u00e3o Lava Jato.<\/p>\n<p>Na decis\u00e3o, Toffoli entendeu que n\u00e3o houve irregularidades na decis\u00e3o do TSE.<\/p>\n<p>&#8220;A fraude, em suas variadas faces e matizes vem sendo discutida enfrentada nas lides eleitorais com vistas a manter e resguardar a legitimidade, a normalidade, a moralidade e a higidez da competi\u00e7\u00e3o eleitoral, n\u00e3o havendo ofensa aos princ\u00edpios da seguran\u00e7a jur\u00eddica, da confian\u00e7a ou da anualidade eleitoral&#8221;, decidiu o ministro.<\/p>\n<p>Durante julgamento no TSE, a defesa de Deltan Dallagnol alegou que ele estava apto a concorrer \u00e0s elei\u00e7\u00f5es. Os advogados afirmaram ainda que o pedido de exonera\u00e7\u00e3o foi realizado ap\u00f3s o Conselho Nacional do Minist\u00e9rio P\u00fablico (CNMP) fornecer uma certid\u00e3o que confirmou n\u00e3o haver processos em andamento contra ele.<\/p>\n<p>Com a cassa\u00e7\u00e3o de Deltan, a vaga na C\u00e2mara dos Deputados foi ocupada Luiz Carlos Hauly (Podemos-PR).<\/p>\n<p><span style=\"font-weight: 400;\"><br \/>\n<\/span><span style=\"font-weight: 400;\">Fonte: Ag\u00eancia Brasil <\/span><\/p>\n","protected":false},"excerpt":{"rendered":"<p>O ministro Dias Toffoli, do Supremo Tribunal Federal (STF), negou, nesta quarta-feira (28), pedido do ex-deputado federal Deltan Dallagnol (Podemos-PR) de suspender a decis\u00e3o que cassou seu mandato. Na peti\u00e7\u00e3o, a defesa de Deltan pretendia suspender a decis\u00e3o do Tribunal Superior Eleitoral (TSE), que, em abril, entendeu que o ex-parlamentar tentou burlar a Lei da [&hellip;]<\/p>\n","protected":false},"author":246,"featured_media":215420,"comment_status":"closed","ping_status":"closed","sticky":false,"template":"","format":"standard","meta":{"footnotes":""},"categories":[436,254,439],"tags":[],"class_list":["post-215419","post","type-post","status-publish","format-standard","has-post-thumbnail","hentry","category-destaque-da-semana","category-politica","category-ultima-hora"],"_links":{"self":[{"href":"https:\/\/diarioregionaldigital.com.br\/index.php?rest_route=\/wp\/v2\/posts\/215419","targetHints":{"allow":["GET"]}}],"collection":[{"href":"https:\/\/diarioregionaldigital.com.br\/index.php?rest_route=\/wp\/v2\/posts"}],"about":[{"href":"https:\/\/diarioregionaldigital.com.br\/index.php?rest_route=\/wp\/v2\/types\/post"}],"author":[{"embeddable":true,"href":"https:\/\/diarioregionaldigital.com.br\/index.php?rest_route=\/wp\/v2\/users\/246"}],"replies":[{"embeddable":true,"href":"https:\/\/diarioregionaldigital.com.br\/index.php?rest_route=%2Fwp%2Fv2%2Fcomments&post=215419"}],"version-history":[{"count":1,"href":"https:\/\/diarioregionaldigital.com.br\/index.php?rest_route=\/wp\/v2\/posts\/215419\/revisions"}],"predecessor-version":[{"id":215421,"href":"https:\/\/diarioregionaldigital.com.br\/index.php?rest_route=\/wp\/v2\/posts\/215419\/revisions\/215421"}],"wp:featuredmedia":[{"embeddable":true,"href":"https:\/\/diarioregionaldigital.com.br\/index.php?rest_route=\/wp\/v2\/media\/215420"}],"wp:attachment":[{"href":"https:\/\/diarioregionaldigital.com.br\/index.php?rest_route=%2Fwp%2Fv2%2Fmedia&parent=215419"}],"wp:term":[{"taxonomy":"category","embeddable":true,"href":"https:\/\/diarioregionaldigital.com.br\/index.php?rest_route=%2Fwp%2Fv2%2Fcategories&post=215419"},{"taxonomy":"post_tag","embeddable":true,"href":"https:\/\/diarioregionaldigital.com.br\/index.php?rest_route=%2Fwp%2Fv2%2Ftags&post=215419"}],"curies":[{"name":"wp","href":"https:\/\/api.w.org\/{rel}","templated":true}]}}