{"id":215409,"date":"2023-06-28T19:49:44","date_gmt":"2023-06-28T22:49:44","guid":{"rendered":"https:\/\/diarioregionaldigital.com.br\/?p=215409"},"modified":"2023-06-28T19:49:44","modified_gmt":"2023-06-28T22:49:44","slug":"brasil-chega-a-2-milhoes-de-placas-solares-em-telhados-e-terrenos","status":"publish","type":"post","link":"https:\/\/diarioregionaldigital.com.br\/?p=215409","title":{"rendered":"Brasil chega a 2 milh\u00f5es de placas solares em telhados e terrenos"},"content":{"rendered":"<p>Levantamento da Associa\u00e7\u00e3o Brasileira de Energia Solar Fotovoltaica (Absolar) aponta que o pa\u00eds superou a marca de 2 milh\u00f5es de sistemas solares fotovoltaicos instalados em telhados, fachadas e pequenos terrenos.<img decoding=\"async\" src=\"https:\/\/agenciabrasil.ebc.com.br\/ebc.png?id=1540898&amp;o=node\" \/><img decoding=\"async\" src=\"https:\/\/agenciabrasil.ebc.com.br\/ebc.gif?id=1540898&amp;o=node\" \/><\/p>\n<p>Desta forma, s\u00e3o 22 gigawatts (GW) de pot\u00eancia instalada em resid\u00eancias, com\u00e9rcios, ind\u00fastrias, propriedades rurais e pr\u00e9dios p\u00fablicos.<\/p>\n<p>Para a vice-presidente da Absolar, B\u00e1rbara Rubim, os n\u00fameros mostram o potencial de crescimento do setor. \u201cIsso confirma n\u00e3o s\u00f3 o potencial enorme que o Brasil tem para a gera\u00e7\u00e3o solar fotovoltaica, mas tamb\u00e9m o desejo do consumidor brasileiro de gerar a pr\u00f3pria energia, n\u00e3o s\u00f3 economizando na conta de luz, mas tamb\u00e9m fazendo sua parcela, para ajudar com o desenvolvimento sustent\u00e1vel do pa\u00eds\u201d, disse.<\/p>\n<p>No come\u00e7o deste ano, a energia solar ultrapassou a fonte e\u00f3lica (gerada pela for\u00e7a do vento), passando a ocupar o segundo lugar na matriz el\u00e9trica brasileira. Do total da pot\u00eancia instalada no pa\u00eds, 14,3% v\u00eam da energia solar, perdendo apenas para a h\u00eddrica (51%).<\/p>\n<p>As perspectivas para 2023 \u00e9 a produ\u00e7\u00e3o entre 25 e 28 GW. O ano de 2022 terminou com quase 18 GW de pot\u00eancia instalada. Este ano, a perspectiva \u00e9 de acr\u00e9scimo de mais 10 GW de capacidade instalada.<\/p>\n<h2>Matriz energ\u00e9tica<\/h2>\n<p>Conforme o estudo, os 2 milh\u00f5es de sistemas fotovoltaicos abastecem 2,6 milh\u00f5es de unidades consumidoras. Por\u00e9m, representa menos de 3% do n\u00famero total de unidades consumidoras existentes no Brasil.<\/p>\n<p>O levantamento da Absolar aponta que a tecnologia fotovoltaica j\u00e1 est\u00e1 presente em 5.530 munic\u00edpios e em todos os estados, sendo Minas Gerais, S\u00e3o Paulo, Rio Grande do Sul e Paran\u00e1 com as maiores participa\u00e7\u00f5es.<\/p>\n<p>A meta, segundo B\u00e1rbara Rubim, \u00e9 atingir todos os 5.570 munic\u00edpios at\u00e9 o fim do ano. \u201cA gente acredita que, tendo cada vez mais programas do governo para energia fotovoltaica, inclusive com gera\u00e7\u00e3o em pr\u00e9dios p\u00fablicos, a tend\u00eancia \u00e9 conseguir isso\u201d.<\/p>\n<h2>Investimentos<\/h2>\n<p>Desde 2012, foram aplicados R$ 111,2 bilh\u00f5es em recursos\u00a0 privados no setor, com gera\u00e7\u00e3o de quase \u00a0700 mil novos empregos e arrecada\u00e7\u00e3o para os cofres p\u00fablicos de R$ 29,8 bilh\u00f5es.<\/p>\n<p>A vice-presidente explica que, no primeiro semestre deste ano, houve desacelera\u00e7\u00e3o nas vendas em raz\u00e3o de mudan\u00e7a no cen\u00e1rio pol\u00edtico do pa\u00eds e da situa\u00e7\u00e3o macroecon\u00f4mica, que afetou o varejo em geral.<\/p>\n<p>Para o segundo semestre, a previs\u00e3o \u00e9 de retomada de crescimento, amplia\u00e7\u00e3o do n\u00famero de sistemas instalados e de beneficiados.<\/p>\n<p><span style=\"font-weight: 400;\">Fonte: Ag\u00eancia Brasil <\/span><\/p>\n","protected":false},"excerpt":{"rendered":"<p>Levantamento da Associa\u00e7\u00e3o Brasileira de Energia Solar Fotovoltaica (Absolar) aponta que o pa\u00eds superou a marca de 2 milh\u00f5es de sistemas solares fotovoltaicos instalados em telhados, fachadas e pequenos terrenos. Desta forma, s\u00e3o 22 gigawatts (GW) de pot\u00eancia instalada em resid\u00eancias, com\u00e9rcios, ind\u00fastrias, propriedades rurais e pr\u00e9dios p\u00fablicos. Para a vice-presidente da Absolar, B\u00e1rbara Rubim, [&hellip;]<\/p>\n","protected":false},"author":246,"featured_media":215411,"comment_status":"closed","ping_status":"closed","sticky":false,"template":"","format":"standard","meta":{"footnotes":""},"categories":[436,261,439],"tags":[],"class_list":["post-215409","post","type-post","status-publish","format-standard","has-post-thumbnail","hentry","category-destaque-da-semana","category-economia","category-ultima-hora"],"_links":{"self":[{"href":"https:\/\/diarioregionaldigital.com.br\/index.php?rest_route=\/wp\/v2\/posts\/215409","targetHints":{"allow":["GET"]}}],"collection":[{"href":"https:\/\/diarioregionaldigital.com.br\/index.php?rest_route=\/wp\/v2\/posts"}],"about":[{"href":"https:\/\/diarioregionaldigital.com.br\/index.php?rest_route=\/wp\/v2\/types\/post"}],"author":[{"embeddable":true,"href":"https:\/\/diarioregionaldigital.com.br\/index.php?rest_route=\/wp\/v2\/users\/246"}],"replies":[{"embeddable":true,"href":"https:\/\/diarioregionaldigital.com.br\/index.php?rest_route=%2Fwp%2Fv2%2Fcomments&post=215409"}],"version-history":[{"count":1,"href":"https:\/\/diarioregionaldigital.com.br\/index.php?rest_route=\/wp\/v2\/posts\/215409\/revisions"}],"predecessor-version":[{"id":215412,"href":"https:\/\/diarioregionaldigital.com.br\/index.php?rest_route=\/wp\/v2\/posts\/215409\/revisions\/215412"}],"wp:featuredmedia":[{"embeddable":true,"href":"https:\/\/diarioregionaldigital.com.br\/index.php?rest_route=\/wp\/v2\/media\/215411"}],"wp:attachment":[{"href":"https:\/\/diarioregionaldigital.com.br\/index.php?rest_route=%2Fwp%2Fv2%2Fmedia&parent=215409"}],"wp:term":[{"taxonomy":"category","embeddable":true,"href":"https:\/\/diarioregionaldigital.com.br\/index.php?rest_route=%2Fwp%2Fv2%2Fcategories&post=215409"},{"taxonomy":"post_tag","embeddable":true,"href":"https:\/\/diarioregionaldigital.com.br\/index.php?rest_route=%2Fwp%2Fv2%2Ftags&post=215409"}],"curies":[{"name":"wp","href":"https:\/\/api.w.org\/{rel}","templated":true}]}}